{"id":11349,"date":"2022-05-30T16:44:01","date_gmt":"2022-05-30T19:44:01","guid":{"rendered":"http:\/\/dgospel.com.br\/portal\/?p=11349"},"modified":"2022-05-30T16:44:02","modified_gmt":"2022-05-30T19:44:02","slug":"bolsonaro-participa-de-marcha-para-jesus-e-reafirma-somos-contra-a-ideologia-de-genero","status":"publish","type":"post","link":"https:\/\/dgospel.com.br\/portal\/index.php\/2022\/05\/30\/bolsonaro-participa-de-marcha-para-jesus-e-reafirma-somos-contra-a-ideologia-de-genero\/","title":{"rendered":"Bolsonaro participa de Marcha para Jesus e reafirma: \u201cSomos contra a ideologia de g\u00eanero\u201d"},"content":{"rendered":"\n<p>Em discurso para uma plateia de evang\u00e9licos durante a Marcha para Jesus em Manaus, o presidente Jair Bolsonaro (PL) reafirmou pautas conservadoras.<\/p>\n\n\n\n<p>\u2013 Temos um s\u00f3 Deus, um s\u00f3 Senhor. Quem serve a dois senhores n\u00e3o \u00e9 digno de nos representar. Somos contra a ideologia de g\u00eanero. N\u00f3s respeitamos as nossas crian\u00e7as em sala de aula. N\u00f3s somos contra a libera\u00e7\u00e3o das drogas. Tamb\u00e9m somos contra a libera\u00e7\u00e3o de jogos de azar no Brasil \u2013 afirmou para uma multid\u00e3o na capital amazonense, neste s\u00e1bado (28).<\/p>\n\n\n\n<p>\u2013 Sabemos o que o outro lado quer fazer e o que ele fez no passado. N\u00f3s n\u00e3o queremos retornar a essa \u00e9poca sombria onde imperava corrup\u00e7\u00e3o, desmando e ataque \u00e0 fam\u00edlia brasileira \u2013 complementou.<\/p>\n\n\n\n<p>O chefe do Executivo tamb\u00e9m acenou contra o comunismo e o socialismo.<\/p>\n\n\n\n<p>\u2013 N\u00e3o aceitamos a nossa bandeira ser vermelha, n\u00e3o aceitamos o comunismo ou o socialismo. N\u00f3s daremos a nossa vida pela nossa liberdade. Repudiamos todos aqueles que, por ocasi\u00e3o da pandemia, fecharam igrejas e templos. O respeito \u00e0 religi\u00e3o, \u00e0 liberdade de express\u00e3o, \u00e0 nossa liberdade n\u00e3o tem pre\u00e7o \u2013 declarou.<\/p>\n\n\n\n<p>*Com informa\u00e7\u00f5es da AE<\/p>\n","protected":false},"excerpt":{"rendered":"<p>Em discurso para uma plateia de evang\u00e9licos durante a Marcha para Jesus em Manaus, o presidente Jair Bolsonaro (PL) reafirmou pautas conservadoras. \u2013 Temos um s\u00f3 Deus, um s\u00f3 Senhor. Quem serve a dois senhores n\u00e3o \u00e9 digno de nos representar. Somos contra a ideologia de g\u00eanero. N\u00f3s respeitamos as nossas crian\u00e7as em sala de [&hellip;]<\/p>\n","protected":false},"author":2,"featured_media":11350,"comment_status":"open","ping_status":"open","sticky":false,"template":"","format":"standard","meta":[],"categories":[5,4],"tags":[],"_links":{"self":[{"href":"https:\/\/dgospel.com.br\/portal\/index.php\/wp-json\/wp\/v2\/posts\/11349"}],"collection":[{"href":"https:\/\/dgospel.com.br\/portal\/index.php\/wp-json\/wp\/v2\/posts"}],"about":[{"href":"https:\/\/dgospel.com.br\/portal\/index.php\/wp-json\/wp\/v2\/types\/post"}],"author":[{"embeddable":true,"href":"https:\/\/dgospel.com.br\/portal\/index.php\/wp-json\/wp\/v2\/users\/2"}],"replies":[{"embeddable":true,"href":"https:\/\/dgospel.com.br\/portal\/index.php\/wp-json\/wp\/v2\/comments?post=11349"}],"version-history":[{"count":1,"href":"https:\/\/dgospel.com.br\/portal\/index.php\/wp-json\/wp\/v2\/posts\/11349\/revisions"}],"predecessor-version":[{"id":11351,"href":"https:\/\/dgospel.com.br\/portal\/index.php\/wp-json\/wp\/v2\/posts\/11349\/revisions\/11351"}],"wp:featuredmedia":[{"embeddable":true,"href":"https:\/\/dgospel.com.br\/portal\/index.php\/wp-json\/wp\/v2\/media\/11350"}],"wp:attachment":[{"href":"https:\/\/dgospel.com.br\/portal\/index.php\/wp-json\/wp\/v2\/media?parent=11349"}],"wp:term":[{"taxonomy":"category","embeddable":true,"href":"https:\/\/dgospel.com.br\/portal\/index.php\/wp-json\/wp\/v2\/categories?post=11349"},{"taxonomy":"post_tag","embeddable":true,"href":"https:\/\/dgospel.com.br\/portal\/index.php\/wp-json\/wp\/v2\/tags?post=11349"}],"curies":[{"name":"wp","href":"https:\/\/api.w.org\/{rel}","templated":true}]}}