{"id":11352,"date":"2022-05-30T16:55:31","date_gmt":"2022-05-30T19:55:31","guid":{"rendered":"http:\/\/dgospel.com.br\/portal\/?p=11352"},"modified":"2022-05-30T16:55:32","modified_gmt":"2022-05-30T19:55:32","slug":"pesquisa-da-industria-comercio-e-servicos-aponta-que-pavilhao-do-desenvolvimento-movimentou-mais-de-r-1-milhao-em-negocios-na-agrotins-2022","status":"publish","type":"post","link":"https:\/\/dgospel.com.br\/portal\/index.php\/2022\/05\/30\/pesquisa-da-industria-comercio-e-servicos-aponta-que-pavilhao-do-desenvolvimento-movimentou-mais-de-r-1-milhao-em-negocios-na-agrotins-2022\/","title":{"rendered":"Pesquisa da Ind\u00fastria, Com\u00e9rcio e Servi\u00e7os aponta que Pavilh\u00e3o do Desenvolvimento movimentou mais de R$ 1 milh\u00e3o em neg\u00f3cios na Agrotins 2022"},"content":{"rendered":"\n<p>Durante os quatro dias da Feira de Tecnologia Agropecu\u00e1ria do Tocantins (Agrotins 2022), a Secretaria de Estado da Ind\u00fastria, Com\u00e9rcio e Servi\u00e7os (Sics) esteve presente na feira com o&nbsp;<em>Pavilh\u00e3o do Desenvolvimento &#8211; A casa do empres\u00e1rio da Agrotins<\/em>. O espa\u00e7o preparado para a exposi\u00e7\u00e3o e a comercializa\u00e7\u00e3o de produtos tocantinenses contou com a presen\u00e7a de 41 empresas expositoras e sete entidades parceiras representantes da classe empresarial. A pesquisa de avalia\u00e7\u00e3o realizada pela Sics mostrou que o volume de neg\u00f3cios movimentados pelo Pavilh\u00e3o do Desenvolvimento durante a semana da Agrotins ultrapassou o montante de R$ 1 milh\u00e3o.<\/p>\n\n\n\n<p>O question\u00e1rio aplicado durante o pen\u00faltimo dia de exposi\u00e7\u00e3o, no dia 13 deste m\u00eas, contou com 20 itens a serem avaliados com nota de 0 a 10, considerando aspectos da estrutura f\u00edsica, seguran\u00e7a, limpeza, atendimento por parte da equipe organizadora, resultados, resposta do p\u00fablico, entre outras quest\u00f5es que contribuir\u00e3o para o aperfei\u00e7oamento do servi\u00e7o prestado pela Sics. Entre os 41 expositores, 30 responderam o question\u00e1rio, e j\u00e1 entre as sete institui\u00e7\u00f5es parceiras, cinco participaram da pesquisa.<\/p>\n\n\n\n<p>O relat\u00f3rio gerado com o resultado da aplica\u00e7\u00e3o apontou que o \u00edndice de aprova\u00e7\u00e3o da estrutura ficou acima da m\u00e9dia: 31% dos entrevistados deram nota 10 para a sinaliza\u00e7\u00e3o do Pavilh\u00e3o e para o estande de forma geral, 74% dos entrevistados deram nota acima de 9 para a seguran\u00e7a do local e 74% deram nota acima de 8 para ilumina\u00e7\u00e3o. J\u00e1 sobre o atendimento, 63% dos entrevistados deram nota 10 para os servi\u00e7os prestados antes da feira, e 54% deram nota 10 para o atendimento prestado pela equipe, durante a feira.&nbsp;<\/p>\n\n\n\n<p>Quando questionados se voltariam a expor seus produtos dentro do Pavilh\u00e3o do Desenvolvimento e se voltariam a firmar parceria com a Sics para a Agrotins, 97% dos entrevistados responderam que sim. Para o secret\u00e1rio de Estado da Ind\u00fastria, Com\u00e9rcio e Servi\u00e7os, Carlos Humberto Lima, o Pavilh\u00e3o do Desenvolvimento \u00e9 uma importante vitrine de divulga\u00e7\u00e3o dos neg\u00f3cios tocantinenses. \u201cEstar na Agrotins \u00e9 uma grande oportunidade para o pequeno empreendedor. L\u00e1, ele tem contato com pessoas n\u00e3o apenas do Tocantins, mas de todo o pa\u00eds, isso possibilita que ele divulgue a sua marca, conhe\u00e7a outros mercados e alavanque os seus neg\u00f3cios. Este ano foi a primeira vez que a Sics fez chamamento p\u00fablico para as empresas participarem, todo o processo foi transparente, acess\u00edvel e nossa equipe trabalhou ativamente para proporcionar essa oportunidade ao empreendedor. Agora, vamos pegar as sugest\u00f5es que recebemos e ver os pontos onde podemos melhorar para as pr\u00f3ximas edi\u00e7\u00f5es\u201d, refor\u00e7ou o gestor.<\/p>\n\n\n\n<p>O Pavilh\u00e3o do Desenvolvimento faz parte do Programa de Impulsionamento da Ind\u00fastria, Com\u00e9rcio e Servi\u00e7os (PICS), que prev\u00ea a\u00e7\u00f5es de fomento da atividade empresarial em todo o Estado com o objetivo de promover o crescimento econ\u00f4mico de forma descentralizada. O projeto contou com apoio do Conselho de Desenvolvimento Econ\u00f4mico do Estado do Tocantins (CDE-TO) na destina\u00e7\u00e3o de recursos oriundos do Fundo de Desenvolvimento Econ\u00f4mico (FDE-TO).<\/p>\n\n\n\n<p>Uma proposta para expans\u00e3o do pavilh\u00e3o para outras feiras no Estado j\u00e1 foi apresentada e aprovada em reuni\u00e3o do CDE-TO.<\/p>\n\n\n\n<figure class=\"wp-block-image\"><img src=\"https:\/\/central.to.gov.br\/image\/293798?w=670&amp;h=383\" alt=\"\"\/><\/figure>\n\n\n\n<p>Pesquisa de avalia\u00e7\u00e3o foi realizada com os expositores e entidades parceiras durante o pen\u00faltimo dia da Agrotins 2022 &#8211; Matheus Alc\u00e2ntara\/Governo do Tocantins\n\n<\/p>\n","protected":false},"excerpt":{"rendered":"<p>Durante os quatro dias da Feira de Tecnologia Agropecu\u00e1ria do Tocantins (Agrotins 2022), a Secretaria de Estado da Ind\u00fastria, Com\u00e9rcio e Servi\u00e7os (Sics) esteve presente na feira com o&nbsp;Pavilh\u00e3o do Desenvolvimento &#8211; A casa do empres\u00e1rio da Agrotins. O espa\u00e7o preparado para a exposi\u00e7\u00e3o e a comercializa\u00e7\u00e3o de produtos tocantinenses contou com a presen\u00e7a de [&hellip;]<\/p>\n","protected":false},"author":2,"featured_media":11353,"comment_status":"open","ping_status":"open","sticky":false,"template":"","format":"standard","meta":[],"categories":[3],"tags":[13],"_links":{"self":[{"href":"https:\/\/dgospel.com.br\/portal\/index.php\/wp-json\/wp\/v2\/posts\/11352"}],"collection":[{"href":"https:\/\/dgospel.com.br\/portal\/index.php\/wp-json\/wp\/v2\/posts"}],"about":[{"href":"https:\/\/dgospel.com.br\/portal\/index.php\/wp-json\/wp\/v2\/types\/post"}],"author":[{"embeddable":true,"href":"https:\/\/dgospel.com.br\/portal\/index.php\/wp-json\/wp\/v2\/users\/2"}],"replies":[{"embeddable":true,"href":"https:\/\/dgospel.com.br\/portal\/index.php\/wp-json\/wp\/v2\/comments?post=11352"}],"version-history":[{"count":1,"href":"https:\/\/dgospel.com.br\/portal\/index.php\/wp-json\/wp\/v2\/posts\/11352\/revisions"}],"predecessor-version":[{"id":11354,"href":"https:\/\/dgospel.com.br\/portal\/index.php\/wp-json\/wp\/v2\/posts\/11352\/revisions\/11354"}],"wp:featuredmedia":[{"embeddable":true,"href":"https:\/\/dgospel.com.br\/portal\/index.php\/wp-json\/wp\/v2\/media\/11353"}],"wp:attachment":[{"href":"https:\/\/dgospel.com.br\/portal\/index.php\/wp-json\/wp\/v2\/media?parent=11352"}],"wp:term":[{"taxonomy":"category","embeddable":true,"href":"https:\/\/dgospel.com.br\/portal\/index.php\/wp-json\/wp\/v2\/categories?post=11352"},{"taxonomy":"post_tag","embeddable":true,"href":"https:\/\/dgospel.com.br\/portal\/index.php\/wp-json\/wp\/v2\/tags?post=11352"}],"curies":[{"name":"wp","href":"https:\/\/api.w.org\/{rel}","templated":true}]}}