{"id":11361,"date":"2022-05-30T17:01:48","date_gmt":"2022-05-30T20:01:48","guid":{"rendered":"http:\/\/dgospel.com.br\/portal\/?p=11361"},"modified":"2022-05-30T17:01:49","modified_gmt":"2022-05-30T20:01:49","slug":"governo-do-tocantins-debate-mudancas-climaticas-e-requisitos-de-acesso-ao-mercado-de-carbono","status":"publish","type":"post","link":"https:\/\/dgospel.com.br\/portal\/index.php\/2022\/05\/30\/governo-do-tocantins-debate-mudancas-climaticas-e-requisitos-de-acesso-ao-mercado-de-carbono\/","title":{"rendered":"Governo do Tocantins debate mudan\u00e7as clim\u00e1ticas e requisitos de acesso ao mercado de carbono"},"content":{"rendered":"\n<p>O Governo do Tocantins, por meio da Secretaria de Estado do Meio Ambiente e Recursos H\u00eddricos (Semarh), reuniu com gestores p\u00fablicos estaduais, no 1\u00b0 Semin\u00e1rio Internacional sobre Mudan\u00e7as Clim\u00e1ticas e Mercado de Carbono Florestal Jurisdicional. Evento ocorreu na sexta-feira, 27, para tratar da urg\u00eancia de medidas de adapta\u00e7\u00e3o, requisitos de acesso ao mercado de carbono com o programa de Redu\u00e7\u00e3o de Emiss\u00f5es dos Gases de Efeito Estufa Proveniente de Desmatamento e Degrada\u00e7\u00e3o Florestal (REDD+) e da Estrat\u00e9gia Tocantins Competitivo e Sustent\u00e1vel. O semin\u00e1rio antecipa a agenda da Semana do Meio Ambiente, que come\u00e7a nesta ter\u00e7a-feira, 31.<\/p>\n\n\n\n<p>A secret\u00e1ria da Semarh, Miyuki Hyashida, ressaltou a urg\u00eancia dos temas e a import\u00e2ncia do esfor\u00e7o conjunto das institui\u00e7\u00f5es para o desenvolvimento competitivo e sustent\u00e1vel do Estado. \u201cO mundo pede hoje que tomemos medidas para conter os efeitos das mudan\u00e7as clim\u00e1ticas t\u00e3o dr\u00e1sticas, como v\u00eam ocorrendo. Para que isso aconte\u00e7a no prazo que pretendemos, juntamente com as empresas internacionais, teremos que trabalhar unidos, para conseguirmos bons resultados, pr\u00e1ticos e mais r\u00e1pidos\u201d, ressaltou.<\/p>\n\n\n\n<p>Representando o governador do Tocantins, Wanderlei Barbosa, no evento, o secret\u00e1rio Executivo da Casa Civil, Sebasti\u00e3o Pereira Neuzin, elogiou os esfor\u00e7os e afirmou que o Governo tem total interesse em instrumentalizar as a\u00e7\u00f5es.&nbsp;\u201cQuando a gente fala na quest\u00e3o do meio ambiente, n\u00e3o \u00e9 uma op\u00e7\u00e3o, \u00e9 uma necessidade. N\u00e3o h\u00e1 que se falar em crescimento e desenvolvimento sem observar o meio ambiente. Hoje, estamos aqui para participar desse processo construtivo, que \u00e9 o reflexo dessa busca por fazer melhor, para instrumentalizar estas a\u00e7\u00f5es\u201d, afirmou.<\/p>\n\n\n\n<p>Para o procurador de Justi\u00e7a, Jos\u00e9 Maria da Silva J\u00fanior, esse processo \u00e9 importante para trazer sustentabilidade econ\u00f4mica ao Estado. \u201c\u00c9 importante fazermos o dever de casa, combater o desmatamento ilegal, prevenir as queimadas e os inc\u00eandios florestais, al\u00e9m de trabalhar outras frentes. Muito se faz com a aplica\u00e7\u00e3o de pol\u00edticas de preven\u00e7\u00e3o, com uma boa regula\u00e7\u00e3o do licenciamento ambiental, fiscaliza\u00e7\u00e3o e monitoramento. \u00c9 um desafio buscar arranjos, com seguran\u00e7a jur\u00eddica, n\u00e3o s\u00f3 para a restaura\u00e7\u00e3o de \u00e1reas, mas para evitar o desmatamento e as degrada\u00e7\u00f5es, al\u00e9m da distribui\u00e7\u00e3o de recursos, para que se crie um c\u00edrculo virtuoso de sustentabilidade\u201d, pontuou.<\/p>\n\n\n\n<p>O secret\u00e1rio de Estado do Planejamento e Or\u00e7amento, Sergislei Silva de Moura, afirmou que a economia do Tocantins \u00e9 puxada pelo agroneg\u00f3cio, ent\u00e3o o grande desafio \u00e9 aliar a voca\u00e7\u00e3o do Estado com o desenvolvimento sustent\u00e1vel. \u201cO nosso PIB [Produto Interno Bruto] gira em torno do agroneg\u00f3cio. O Estado tem que estabelecer de forma sustent\u00e1vel o seu crescimento, fazendo com que comunidades ind\u00edgenas e quilombolas, bem como a popula\u00e7\u00e3o dos munic\u00edpios, sejam inclu\u00eddas. \u00c9 important\u00edssimo que essas a\u00e7\u00f5es sejam estabelecidas, por isso este arranjo vai contar com o esfor\u00e7o conjunto da gest\u00e3o p\u00fablica estadual\u201d, informou.<\/p>\n\n\n\n<p><strong>Palestrantes<\/strong><\/p>\n\n\n\n<p>A superintendente de Gest\u00e3o de Pol\u00edticas P\u00fablicas Ambientais da Semarh, Marli Santos, avaliou o momento. \u201cAs florestas do mundo armazenam 25% do carbono do planeta. Se desmatamos, transferiremos os gases de efeito estufa que est\u00e3o armazenados nesta cobertura florestal para a atmosfera, formando um cobertor que impede o calor de sair para o espa\u00e7o sideral. Se a gente derruba, desmata o Cerrado, lan\u00e7amos esses gases para a atmosfera. Se vamos preservar nossa floresta, nada melhor que sermos remunerados por meio do mecanismo financeiro, que \u00e9 a transa\u00e7\u00e3o de cr\u00e9dito carbono florestal jurisdicional. O Estado come\u00e7a a entender a urg\u00eancia de fazermos alguma coisa e a possibilidade de remunera\u00e7\u00e3o para mantermos as florestas erguidas\u201d, ponderou.<\/p>\n\n\n\n<p>O presidente da Earth Innovation Institute (EII), Daniel Napstad, apresentou os mecanismos existentes para acesso ao mercado de carbono Florestal, com a redu\u00e7\u00e3o do desmatamento e da degrada\u00e7\u00e3o Florestal, e o montante de recursos dispon\u00edveis no cen\u00e1rio global. Daniel Naptad apontou a estimativa de cr\u00e9dito para o Tocantins. \u201cA receita estimada para o Tocantins, no novo mercado de carbono, at\u00e9 2033, pode chegar a 1,7 bilh\u00e3o de d\u00f3lares&#8221;, citou o presidente.<\/p>\n\n\n\n<p>A bi\u00f3loga e palestrante do EII, M\u00f4nica de Los Rios, falou da situa\u00e7\u00e3o dos processos dos estados no acesso aos cr\u00e9ditos de carbono. \u201cNo pa\u00eds, quatro estados possuem processos no sistema REDD+ para acesso aos recursos do cr\u00e9dito de carbono, em n\u00edvel jurisdicional. Sendo em fase eleg\u00edvel, o Amazonas e o Tocantins; e em fase de recebimento, o Par\u00e1 e Mato Grosso. Existem diferentes formas de consolida\u00e7\u00e3o de acesso e o Tocantins est\u00e1 se movendo r\u00e1pido e pode se tornar pioneiro de cr\u00e9ditos jurisdicional, no mercado volunt\u00e1rio global\u201d, adiantou.<\/p>\n\n\n\n<p>A especialista em conserva\u00e7\u00e3o, desenvolvimento tropical, pr\u00e1ticas sustent\u00e1veis e diretora Administrativa de Gest\u00e3o de Fundos da Emergent da Coaliz\u00e3o LEAF (The Lowering Emissions by Accelerating Forest Finance), Juliana Santiago, mostrou os atores envolvidos no processo, como funciona a capta\u00e7\u00e3o de cr\u00e9dito, listou os pr\u00f3ximos passos do Estado, afirmou que o Tocantins \u00e9 eleg\u00edvel e reiterou que o processo est\u00e1 bem adiantado.<\/p>\n\n\n\n<p>A advogada e palestrante do Rotta Moro Assessoria Jur\u00eddica Ambiental, Fernanda Rotta, explicou que a salvaguarda agrupa as garantias de direitos dos povos ind\u00edgenas, comunidades tradicionais e a popula\u00e7\u00e3o em geral, al\u00e9m da integridade ambiental, do refor\u00e7o \u00e0 boa governan\u00e7a e ao direito \u00e0 participa\u00e7\u00e3o.&nbsp;<\/p>\n\n\n\n<p>O representante da empresa Mercuria, Celso Fiori, informou que h\u00e1 o interesse de aquisi\u00e7\u00e3o dos cr\u00e9ditos de carbono jurisdicionais do Estado do Tocantins. No entanto, para isso o Estado precisa cumprir os requisitos de verifica\u00e7\u00e3o segundo padr\u00e3o internacional e registro.<\/p>\n\n\n\n<p>Outras palestras trouxeram detalhes t\u00e9cnicos, dados e panoramas sobre processos e procedimentos do mercado de carbono jurisdicional, arranjos institucionais de REDD+ jurisdicional, empresas globais, o mercado de carbono e a floresta Amaz\u00f4nica.<\/p>\n\n\n\n<p><strong>Saiba mais<\/strong><\/p>\n\n\n\n<p>Para outras informa\u00e7\u00f5es sobre o semin\u00e1rio, acesse o site&nbsp;<a href=\"http:\/\/www.to.gov.br\/semarh\">www.to.gov.br\/semarh<\/a>&nbsp;ou clique em&nbsp;<a href=\"https:\/\/www.to.gov.br\/semarh\/mudancas-climaticas-e-mercado-de-carbono\/6f0bhh9tlstw\">Mudan\u00e7as Clim\u00e1ticas e Mercado de Carbono<\/a>.<\/p>\n\n\n\n<p>E mais informa\u00e7\u00f5es sobre a estrat\u00e9gia Tocantins Competitivo clique diretamente no link&nbsp;<a href=\"https:\/\/www.to.gov.br\/semarh\/tocantins-competitivo-e-sustentavel\/3xdcjibxp6yv\">Tocantins Competitivo e Sustent\u00e1vel<\/a>. Se deseja consultar o documento das propostas, basta clicar em&nbsp;<a href=\"https:\/\/central.to.gov.br\/download\/253141\">Estrat\u00e9gia Tocantins Competitivo e Sustent\u00e1vel<\/a>.<\/p>\n\n\n\n<figure class=\"wp-block-image\"><img src=\"https:\/\/central.to.gov.br\/image\/293854?w=670&amp;h=383\" alt=\"\"\/><\/figure>\n\n\n\n<p>A bi\u00f3loga e palestrante do Earth Innovation Institute, Monica De Los Rios &#8211; Marcel de Paula\/Governo do Tocantins\u00a0<\/p>\n\n\n\n<figure class=\"wp-block-image\"><img src=\"https:\/\/central.to.gov.br\/image\/293853?w=670&amp;h=383\" alt=\"\"\/><\/figure>\n\n\n\n<p>O diretor de Solu\u00e7\u00f5es Clim\u00e1ticas Naturais e Bioenergia para a Mercuria no Brasil, Celso Fiori &#8211; Divulga\u00e7\u00e3o\u00a0<\/p>\n\n\n\n<figure class=\"wp-block-image\"><img src=\"https:\/\/central.to.gov.br\/image\/293852?w=670&amp;h=383\" alt=\"\"\/><\/figure>\n\n\n\n<p>A superintendente de Gest\u00e3o de Pol\u00edticas P\u00fablicas Ambientais da Semarh, Marli Santos &#8211; Ronaldo Mitt\/Ascom MPE-TO\u00a0<\/p>\n\n\n\n<figure class=\"wp-block-image\"><img src=\"https:\/\/central.to.gov.br\/image\/293851?w=670&amp;h=383\" alt=\"\"\/><\/figure>\n\n\n\n<p>A secret\u00e1ria de Estado do Meio Ambiente e Recursos H\u00eddricos, Miyuki Hyashida &#8211; Ronaldo Mitt\/Ascom MPE-TO\n\n<\/p>\n","protected":false},"excerpt":{"rendered":"<p>O Governo do Tocantins, por meio da Secretaria de Estado do Meio Ambiente e Recursos H\u00eddricos (Semarh), reuniu com gestores p\u00fablicos estaduais, no 1\u00b0 Semin\u00e1rio Internacional sobre Mudan\u00e7as Clim\u00e1ticas e Mercado de Carbono Florestal Jurisdicional. Evento ocorreu na sexta-feira, 27, para tratar da urg\u00eancia de medidas de adapta\u00e7\u00e3o, requisitos de acesso ao mercado de carbono [&hellip;]<\/p>\n","protected":false},"author":2,"featured_media":11362,"comment_status":"open","ping_status":"open","sticky":false,"template":"","format":"standard","meta":[],"categories":[3],"tags":[13],"_links":{"self":[{"href":"https:\/\/dgospel.com.br\/portal\/index.php\/wp-json\/wp\/v2\/posts\/11361"}],"collection":[{"href":"https:\/\/dgospel.com.br\/portal\/index.php\/wp-json\/wp\/v2\/posts"}],"about":[{"href":"https:\/\/dgospel.com.br\/portal\/index.php\/wp-json\/wp\/v2\/types\/post"}],"author":[{"embeddable":true,"href":"https:\/\/dgospel.com.br\/portal\/index.php\/wp-json\/wp\/v2\/users\/2"}],"replies":[{"embeddable":true,"href":"https:\/\/dgospel.com.br\/portal\/index.php\/wp-json\/wp\/v2\/comments?post=11361"}],"version-history":[{"count":1,"href":"https:\/\/dgospel.com.br\/portal\/index.php\/wp-json\/wp\/v2\/posts\/11361\/revisions"}],"predecessor-version":[{"id":11363,"href":"https:\/\/dgospel.com.br\/portal\/index.php\/wp-json\/wp\/v2\/posts\/11361\/revisions\/11363"}],"wp:featuredmedia":[{"embeddable":true,"href":"https:\/\/dgospel.com.br\/portal\/index.php\/wp-json\/wp\/v2\/media\/11362"}],"wp:attachment":[{"href":"https:\/\/dgospel.com.br\/portal\/index.php\/wp-json\/wp\/v2\/media?parent=11361"}],"wp:term":[{"taxonomy":"category","embeddable":true,"href":"https:\/\/dgospel.com.br\/portal\/index.php\/wp-json\/wp\/v2\/categories?post=11361"},{"taxonomy":"post_tag","embeddable":true,"href":"https:\/\/dgospel.com.br\/portal\/index.php\/wp-json\/wp\/v2\/tags?post=11361"}],"curies":[{"name":"wp","href":"https:\/\/api.w.org\/{rel}","templated":true}]}}