{"id":11367,"date":"2022-05-30T17:14:28","date_gmt":"2022-05-30T20:14:28","guid":{"rendered":"http:\/\/dgospel.com.br\/portal\/?p=11367"},"modified":"2022-05-30T17:14:29","modified_gmt":"2022-05-30T20:14:29","slug":"magno-malta-desmente-video-que-atribui-a-lula-decisao-por-maior-liberdade-as-igrejas","status":"publish","type":"post","link":"https:\/\/dgospel.com.br\/portal\/index.php\/2022\/05\/30\/magno-malta-desmente-video-que-atribui-a-lula-decisao-por-maior-liberdade-as-igrejas\/","title":{"rendered":"Magno Malta desmente v\u00eddeo que atribui a Lula decis\u00e3o por maior liberdade \u00e0s igrejas"},"content":{"rendered":"\n<p>O ex-senador Magno Malta, uma das principais figuras de apoio ao governo do presidente Jair Bolsonaro entre o eleitorado evang\u00e9lico, gravou um v\u00eddeo para desmentir uma grava\u00e7\u00e3o que circula nas redes sociais, atribu\u00edda ao ex-presidente Luiz In\u00e1cio Lula da Silva.<\/p>\n\n\n\n\n\n<p>O v\u00eddeo de 2003 faz parecer que Lula teria sido o principal respons\u00e1vel por uma decis\u00e3o que concedeu maior liberdade de atua\u00e7\u00e3o das igrejas no Brasil. Contudo, segundo Malta, o l\u00edder petista teria sido \u201cobrigado a assinar\u201d a medida devido \u00e0 press\u00e3o das lideran\u00e7as evang\u00e9licas.<\/p>\n\n\n\n<p>\u201cEsse v\u00eddeo que est\u00e1 rodando a\u00ed dizendo que Lula deu a liberdade das igrejas \u00e9 muita pretens\u00e3o\u201d,&nbsp; diz Malta na grava\u00e7\u00e3o, explicando que foi o ex-presidente Fernando Henrique Cardoso (FHC) quem assinou a finaliza\u00e7\u00e3o do C\u00f3digo Civil, incluindo as igrejas no mesmo patamar dos clubes de futebol e escolas de samba no tocante aos benef\u00edcios do governo.<\/p>\n\n\n\n<p>\u201cQuando percebemos, houve um grande movimento. Pode ver que todos os l\u00edderes evang\u00e9licos est\u00e3o ali [no v\u00eddeo]\u201d, disse Malta. \u201cAquilo n\u00e3o saiu de Lula e nem do&nbsp;PT. N\u00e3o foi iniciativa dele. Ele foi obrigado a assinar pela press\u00e3o das igrejas.\u201d<br>AN\u00daNCIO<\/p>\n\n\n\n\n\n<h2>Rea\u00e7\u00e3o evang\u00e9lica<\/h2>\n\n\n\n<p>A rea\u00e7\u00e3o do ex-senador Magno Malta \u00e9 fruto dos esfor\u00e7os por parte da lideran\u00e7a evang\u00e9lica, no pa\u00eds, de se distinguir do apoio ao ex-presidente Lula, assim como ocorreu em 2018, quando a maioria das igrejas crist\u00e3s manifestaram apoio ao ent\u00e3o candidato Jair Bolsonaro.<\/p>\n\n\n\n<p>O Partido dos Trabalhadores (<a href=\"https:\/\/pt.org.br\/lula\/\">PT<\/a>), por outro lado, vem tentando reverter o cen\u00e1rio de apoio eleitoral a Bolsonaro junto aos evang\u00e9licos. Para isso, Lula tem buscado evitar tocar nas pautas morais e de costumes, bem como adotado um discurso mais moderado.<\/p>\n\n\n\n<p>Para o senador Randolfe Rodrigues, por exemplo, respons\u00e1vel pela coordena\u00e7\u00e3o da campanha petista, a chapa que melhor representaria os valores crist\u00e3os no pa\u00eds seria a do PT, e n\u00e3o a de Bolsonaro.<\/p>\n\n\n\n<p>\u201c\u00c9 a l\u00f3gica. A chapa crist\u00e3 \u00e9 esta daqui. A chapa que est\u00e1 junto dos mais pobres. Eu disse \u2018bem-aventurados os pobres, pois \u00e9 deles o reino dos c\u00e9us\u2019. A linha do discurso ser\u00e1 essa\u201d,\u00a0<a href=\"https:\/\/noticias.gospelmais.com.br\/lula-palavras-cristas-evangelicos-diabo-se-disfarca-154125.html\">disse ele<\/a>. <\/p>\n\n\n\n<p><\/p>\n","protected":false},"excerpt":{"rendered":"<p>O ex-senador Magno Malta, uma das principais figuras de apoio ao governo do presidente Jair Bolsonaro entre o eleitorado evang\u00e9lico, gravou um v\u00eddeo para desmentir uma grava\u00e7\u00e3o que circula nas redes sociais, atribu\u00edda ao ex-presidente Luiz In\u00e1cio Lula da Silva. O v\u00eddeo de 2003 faz parecer que Lula teria sido o principal respons\u00e1vel por uma [&hellip;]<\/p>\n","protected":false},"author":2,"featured_media":11368,"comment_status":"open","ping_status":"open","sticky":false,"template":"","format":"standard","meta":[],"categories":[4],"tags":[14],"_links":{"self":[{"href":"https:\/\/dgospel.com.br\/portal\/index.php\/wp-json\/wp\/v2\/posts\/11367"}],"collection":[{"href":"https:\/\/dgospel.com.br\/portal\/index.php\/wp-json\/wp\/v2\/posts"}],"about":[{"href":"https:\/\/dgospel.com.br\/portal\/index.php\/wp-json\/wp\/v2\/types\/post"}],"author":[{"embeddable":true,"href":"https:\/\/dgospel.com.br\/portal\/index.php\/wp-json\/wp\/v2\/users\/2"}],"replies":[{"embeddable":true,"href":"https:\/\/dgospel.com.br\/portal\/index.php\/wp-json\/wp\/v2\/comments?post=11367"}],"version-history":[{"count":1,"href":"https:\/\/dgospel.com.br\/portal\/index.php\/wp-json\/wp\/v2\/posts\/11367\/revisions"}],"predecessor-version":[{"id":11369,"href":"https:\/\/dgospel.com.br\/portal\/index.php\/wp-json\/wp\/v2\/posts\/11367\/revisions\/11369"}],"wp:featuredmedia":[{"embeddable":true,"href":"https:\/\/dgospel.com.br\/portal\/index.php\/wp-json\/wp\/v2\/media\/11368"}],"wp:attachment":[{"href":"https:\/\/dgospel.com.br\/portal\/index.php\/wp-json\/wp\/v2\/media?parent=11367"}],"wp:term":[{"taxonomy":"category","embeddable":true,"href":"https:\/\/dgospel.com.br\/portal\/index.php\/wp-json\/wp\/v2\/categories?post=11367"},{"taxonomy":"post_tag","embeddable":true,"href":"https:\/\/dgospel.com.br\/portal\/index.php\/wp-json\/wp\/v2\/tags?post=11367"}],"curies":[{"name":"wp","href":"https:\/\/api.w.org\/{rel}","templated":true}]}}