{"id":11371,"date":"2022-06-01T09:20:50","date_gmt":"2022-06-01T12:20:50","guid":{"rendered":"http:\/\/dgospel.com.br\/portal\/?p=11371"},"modified":"2022-06-01T09:20:52","modified_gmt":"2022-06-01T12:20:52","slug":"senado-aprova-mp-dos-cartorios","status":"publish","type":"post","link":"https:\/\/dgospel.com.br\/portal\/index.php\/2022\/06\/01\/senado-aprova-mp-dos-cartorios\/","title":{"rendered":"Senado aprova MP dos Cart\u00f3rios"},"content":{"rendered":"\n<p>A medida provis\u00f3ria que cria o Sistema Eletr\u00f4nico dos Registros P\u00fablicos (Serp), conhecida como <a href=\"https:\/\/www.congressonacional.leg.br\/materias\/medidas-provisorias\/-\/mpv\/151444\">MP dos Cart\u00f3rios<\/a>, foi aprovada nesta ter\u00e7a-feira (31), pelo <a href=\"https:\/\/www12.senado.leg.br\/hpsenado\">Senado Federal<\/a>. Como o texto passou por mudan\u00e7as, a proposta volta para vota\u00e7\u00e3o na C\u00e2mara dos Deputados. A nova an\u00e1lise precisa ser feita j\u00e1 nesta quarta-feira (1\u00ba), data limite para que a mat\u00e9ria n\u00e3o perca a validade.&nbsp;<\/p>\n\n\n\n<p>Segundo o deputado federal <a href=\"https:\/\/www.camara.leg.br\/deputados\/160665\">Augusto Coutinho<\/a> (Republicanos-PE), o sistema dever\u00e1 ser implantado at\u00e9 janeiro de 2023, e permitir\u00e1 consultas a documentos que est\u00e3o em cart\u00f3rios de outras cidades, o que reduzir\u00e1 a burocracia.&nbsp;<\/p>\n\n\n\n<p>\u201cSer\u00e1 poss\u00edvel realizar atos e neg\u00f3cios jur\u00eddicos com envios de documentos, t\u00edtulos e certid\u00f5es em formato eletr\u00f4nico. Os Oficiais de registro n\u00e3o precisar\u00e3o mais imprimir certid\u00f5es. Elas ser\u00e3o fornecidas eletronicamente e o pr\u00f3prio usu\u00e1rio poder\u00e1 imprimi-las. Os arquivos precisar\u00e3o ser identificados com seguran\u00e7a de autenticidade. O uso de assinaturas eletr\u00f4nicas avan\u00e7adas tamb\u00e9m ser\u00e1 permitido, o que \u00e9 um avan\u00e7o muito grande\u201d, destaca.\u00a0<\/p>\n\n\n\n<p>Na avalia\u00e7\u00e3o do secret\u00e1rio de Pol\u00edtica Econ\u00f4mica do Minist\u00e9rio da Economia, Pedro Calhman, sem as medidas impostas pela MP, h\u00e1 mais gastos desnecess\u00e1rios. Outro ponto que ser\u00e1 corrigido, segundo ele, \u00e9 a falta de seguran\u00e7a jur\u00eddica nos procedimentos.\u00a0<\/p>\n\n\n\n<p>\u201cO sistema descentralizado, como o atual, cria v\u00e1rios problemas. Um \u00e9 o custo de acesso aos diferentes registros, que inclui o custo do deslocamento, \u00e0s vezes pelo pa\u00eds. Outro problema do sistema descentralizado \u00e9 a dificuldade de assegurar a universalidade da informa\u00e7\u00e3o. Em v\u00e1rias situa\u00e7\u00f5es, \u00e9 essencial garantir que voc\u00ea tenha acesso ao universo dos registros\u201d, considera.&nbsp;<\/p>\n\n\n\n<p>Pelos termos da MP 1085\/2021, haver\u00e1 maior comunica\u00e7\u00e3o do usu\u00e1rio com as serventias extrajudiciais por meio eletr\u00f4nico. Esse mecanismo ocorrer\u00e1 com emprego de assinatura eletr\u00f4nica sem o certificado da Infraestrutura de Chaves P\u00fablicas Brasileira (ICP-Brasil). Al\u00e9m disso, haver\u00e1 redu\u00e7\u00e3o dos prazos de emiss\u00f5es de certid\u00f5es nos cart\u00f3rios.<\/p>\n\n\n\n<h2>Pontos da MP<\/h2>\n\n\n\n<p>\u25cf&nbsp;&nbsp; &nbsp;Moderniza e simplifica os procedimentos relativos aos registros p\u00fablicos de atos e neg\u00f3cios jur\u00eddicos, permitindo que os usu\u00e1rios dos servi\u00e7os possam ser atendidos pela internet e consigam ter acesso remoto a informa\u00e7\u00f5es sobre garantias de bens m\u00f3veis e im\u00f3veis;&nbsp;<br>\n\u25cf&nbsp;&nbsp; &nbsp;Prop\u00f5e a simplifica\u00e7\u00e3o de procedimentos relativos aos registros p\u00fablicos de atos e neg\u00f3cios jur\u00eddicos, bem como de incorpora\u00e7\u00f5es imobili\u00e1rias, parcelamento de solo urbano e regulariza\u00e7\u00e3o fundi\u00e1ria;&nbsp;<br>\n\u25cf&nbsp;&nbsp; &nbsp;Visa reduzir prazos de realiza\u00e7\u00e3o de atos cartor\u00e1rios e detalha atos sujeitos a registro;&nbsp;<br>\n\u25cf&nbsp;&nbsp; &nbsp;Regula a responsabilidade de not\u00e1rios e registradores pela fiscaliza\u00e7\u00e3o de recolhimento de tributos coerentemente com o entendimento predominante a respeito;<br>\n\u25cf&nbsp;&nbsp; &nbsp;Estabelece regras no \u00e2mbito nacional a pautarem a fixa\u00e7\u00e3o e a cobran\u00e7a de emolumentos relativos aos atos praticados pelos servi\u00e7os notariais e de registro;&nbsp;<br>\n\u25cf&nbsp;&nbsp; &nbsp;Cria o Fundo para a Implementa\u00e7\u00e3o e Custeio do Sistema Eletr\u00f4nico dos Registros P\u00fablicos (FICS), subvencionado pelos oficiais dos registros p\u00fablicos;&nbsp;<br>\n\u25cf&nbsp;&nbsp; &nbsp;Altera o C\u00f3digo Civil, a fim de permitir que pessoas jur\u00eddicas de direito privado realizem assembleias gerais por meios eletr\u00f4nicos, inclusive para fins de destitui\u00e7\u00e3o de administradores e de altera\u00e7\u00f5es estatut\u00e1rias.&nbsp;<\/p>\n\n\n\n<p> \n\nFonte: <a href=\"https:\/\/brasil61.com\/n\/senado-aprova-mp-dos-cartorios-pind223335?email=dgospel1@gmail.com&amp;utm_source=email_individual&amp;utm_medium=email_individual&amp;utm_campaign=email_individual\" target=\"_blank\" rel=\"noreferrer noopener\">Brasil 61<\/a><\/p>\n","protected":false},"excerpt":{"rendered":"<p>A medida provis\u00f3ria que cria o Sistema Eletr\u00f4nico dos Registros P\u00fablicos (Serp), conhecida como MP dos Cart\u00f3rios, foi aprovada nesta ter\u00e7a-feira (31), pelo Senado Federal. Como o texto passou por mudan\u00e7as, a proposta volta para vota\u00e7\u00e3o na C\u00e2mara dos Deputados. A nova an\u00e1lise precisa ser feita j\u00e1 nesta quarta-feira (1\u00ba), data limite para que a [&hellip;]<\/p>\n","protected":false},"author":2,"featured_media":11372,"comment_status":"open","ping_status":"open","sticky":false,"template":"","format":"standard","meta":[],"categories":[8,4],"tags":[],"_links":{"self":[{"href":"https:\/\/dgospel.com.br\/portal\/index.php\/wp-json\/wp\/v2\/posts\/11371"}],"collection":[{"href":"https:\/\/dgospel.com.br\/portal\/index.php\/wp-json\/wp\/v2\/posts"}],"about":[{"href":"https:\/\/dgospel.com.br\/portal\/index.php\/wp-json\/wp\/v2\/types\/post"}],"author":[{"embeddable":true,"href":"https:\/\/dgospel.com.br\/portal\/index.php\/wp-json\/wp\/v2\/users\/2"}],"replies":[{"embeddable":true,"href":"https:\/\/dgospel.com.br\/portal\/index.php\/wp-json\/wp\/v2\/comments?post=11371"}],"version-history":[{"count":1,"href":"https:\/\/dgospel.com.br\/portal\/index.php\/wp-json\/wp\/v2\/posts\/11371\/revisions"}],"predecessor-version":[{"id":11373,"href":"https:\/\/dgospel.com.br\/portal\/index.php\/wp-json\/wp\/v2\/posts\/11371\/revisions\/11373"}],"wp:featuredmedia":[{"embeddable":true,"href":"https:\/\/dgospel.com.br\/portal\/index.php\/wp-json\/wp\/v2\/media\/11372"}],"wp:attachment":[{"href":"https:\/\/dgospel.com.br\/portal\/index.php\/wp-json\/wp\/v2\/media?parent=11371"}],"wp:term":[{"taxonomy":"category","embeddable":true,"href":"https:\/\/dgospel.com.br\/portal\/index.php\/wp-json\/wp\/v2\/categories?post=11371"},{"taxonomy":"post_tag","embeddable":true,"href":"https:\/\/dgospel.com.br\/portal\/index.php\/wp-json\/wp\/v2\/tags?post=11371"}],"curies":[{"name":"wp","href":"https:\/\/api.w.org\/{rel}","templated":true}]}}