{"id":11377,"date":"2022-06-01T10:57:46","date_gmt":"2022-06-01T13:57:46","guid":{"rendered":"http:\/\/dgospel.com.br\/portal\/?p=11377"},"modified":"2022-06-01T10:57:47","modified_gmt":"2022-06-01T13:57:47","slug":"uniao-brasil-lanca-luciano-bivar-como-pre-candidato-ao-planalto","status":"publish","type":"post","link":"https:\/\/dgospel.com.br\/portal\/index.php\/2022\/06\/01\/uniao-brasil-lanca-luciano-bivar-como-pre-candidato-ao-planalto\/","title":{"rendered":"Uni\u00e3o Brasil lan\u00e7a Luciano Bivar como pr\u00e9-candidato ao Planalto"},"content":{"rendered":"\n<p> O Uni\u00e3o Brasil lan\u00e7ou nesta ter\u00e7a-feira (31) a pr\u00e9-candidatura de\u00a0<a rel=\"noreferrer noopener\" href=\"http:\/\/pleno.news\/tag\/luciano-bivar\" target=\"_blank\">Luciano Bivar<\/a>\u00a0ao Pal\u00e1cio do Planalto. Bivar, que \u00e9 presidente nacional do Uni\u00e3o Brasil, reconheceu que existe uma ala de sua legenda que ir\u00e1 apoiar Bolsonaro logo no primeiro turno da elei\u00e7\u00e3o, mas disse que esse grupo representa uma minoria. <\/p>\n\n\n\n<p> \u2013 Claro que existe dentro do nosso guarda-chuva democr\u00e1tico alguns pensamentos, mas voc\u00ea est\u00e1 falando de um pingo de vinho em uma longa toalha branca de linho \u2013 afirmou. <\/p>\n\n\n\n<p>O evento contou com a participa\u00e7\u00e3o dos principais representantes do novo partido, que foi formado com a fus\u00e3o entre DEM e PSL. Estiveram presentes nomes como o do secret\u00e1rio-geral da legenda, ACM Neto, do governador de Goi\u00e1s, Ronaldo Caiado, e do ex-ministro S\u00e9rgio Moro.<\/p>\n\n\n\n<p>O ex-juiz, que foi pr\u00e9-candidato ao Planalto, e hoje negocia uma candidatura em S\u00e3o Paulo, participou de uma cena inusitada ao sentar pr\u00f3ximo do ex-governador do Rio de Janeiro, Anthony Garotinho, agora seu colega de legenda e que chegou a ser preso cinco vezes.<\/p>\n\n\n\n<p>A mesa principal do evento tamb\u00e9m contou com a participa\u00e7\u00e3o de pr\u00e9-candidatos a governadores. As \u00fanicas mulheres a sentar junto a c\u00fapula do partido foram a senadora Soraya Thronicke (MS) e a deputada Rose Modesto (MS), pr\u00e9-candidata a governadora.<\/p>\n\n\n\n<p>Durante o lan\u00e7amento faltou luz tr\u00eas vezes. O ato pol\u00edtico tamb\u00e9m aconteceu em meio a uma falta de empolga\u00e7\u00e3o por parte dos integrantes da legenda. ACM Neto, Ronaldo Caiado e S\u00e9rgio Moro n\u00e3o discursaram. Militantes do partido gritavam com mais entusiasmo os nomes dos pr\u00e9-candidatos a deputado distrital Eduardo Pedroza, Rodrigo Totti e Alex Carreiro do que o de Bivar.<\/p>\n\n\n\n<p>Em seu discurso, o pr\u00e9-candidato do Uni\u00e3o ao Planalto fez cr\u00edticas indiretas ao governo de Bolsonaro (PL) e tamb\u00e9m ao ex-presidente Luiz In\u00e1cio Lula da Silva (PT).<\/p>\n\n\n\n<p>\u2013 Eu n\u00e3o acho justo que os brasileiros vivam entre uma amea\u00e7a autorit\u00e1ria e outra populista \u2013 disse.<\/p>\n\n\n\n<p>O presidente do partido comentou sobre a reforma tribut\u00e1ria e defendeu a unifica\u00e7\u00e3o de impostos. Bivar tamb\u00e9m prometeu isentar da cobran\u00e7a do Imposto de Renda quem ganhasse at\u00e9 R$ 6 mil. O deputado de Pernambuco negou que sua candidatura tenha o objetivo de dividir a terceira via.<\/p>\n\n\n\n<p>\u2013 N\u00e3o fizemos fratura nenhuma. O que n\u00f3s entendemos \u00e9 que o Uni\u00e3o Brasil \u00e9 o \u00fanico partido que est\u00e1 unido em torno de sua pr\u00e9-candidatura. Outros partidos n\u00e3o est\u00e3o e oxal\u00e1 que estejam amanh\u00e3, mas meu sentimento \u00e9 que n\u00e3o estar\u00e3o at\u00e9 agosto \u2013 completou.<\/p>\n\n\n\n<p>*AE<\/p>\n","protected":false},"excerpt":{"rendered":"<p>O Uni\u00e3o Brasil lan\u00e7ou nesta ter\u00e7a-feira (31) a pr\u00e9-candidatura de\u00a0Luciano Bivar\u00a0ao Pal\u00e1cio do Planalto. Bivar, que \u00e9 presidente nacional do Uni\u00e3o Brasil, reconheceu que existe uma ala de sua legenda que ir\u00e1 apoiar Bolsonaro logo no primeiro turno da elei\u00e7\u00e3o, mas disse que esse grupo representa uma minoria. \u2013 Claro que existe dentro do nosso [&hellip;]<\/p>\n","protected":false},"author":2,"featured_media":11378,"comment_status":"open","ping_status":"open","sticky":false,"template":"","format":"standard","meta":[],"categories":[4],"tags":[14],"_links":{"self":[{"href":"https:\/\/dgospel.com.br\/portal\/index.php\/wp-json\/wp\/v2\/posts\/11377"}],"collection":[{"href":"https:\/\/dgospel.com.br\/portal\/index.php\/wp-json\/wp\/v2\/posts"}],"about":[{"href":"https:\/\/dgospel.com.br\/portal\/index.php\/wp-json\/wp\/v2\/types\/post"}],"author":[{"embeddable":true,"href":"https:\/\/dgospel.com.br\/portal\/index.php\/wp-json\/wp\/v2\/users\/2"}],"replies":[{"embeddable":true,"href":"https:\/\/dgospel.com.br\/portal\/index.php\/wp-json\/wp\/v2\/comments?post=11377"}],"version-history":[{"count":1,"href":"https:\/\/dgospel.com.br\/portal\/index.php\/wp-json\/wp\/v2\/posts\/11377\/revisions"}],"predecessor-version":[{"id":11379,"href":"https:\/\/dgospel.com.br\/portal\/index.php\/wp-json\/wp\/v2\/posts\/11377\/revisions\/11379"}],"wp:featuredmedia":[{"embeddable":true,"href":"https:\/\/dgospel.com.br\/portal\/index.php\/wp-json\/wp\/v2\/media\/11378"}],"wp:attachment":[{"href":"https:\/\/dgospel.com.br\/portal\/index.php\/wp-json\/wp\/v2\/media?parent=11377"}],"wp:term":[{"taxonomy":"category","embeddable":true,"href":"https:\/\/dgospel.com.br\/portal\/index.php\/wp-json\/wp\/v2\/categories?post=11377"},{"taxonomy":"post_tag","embeddable":true,"href":"https:\/\/dgospel.com.br\/portal\/index.php\/wp-json\/wp\/v2\/tags?post=11377"}],"curies":[{"name":"wp","href":"https:\/\/api.w.org\/{rel}","templated":true}]}}