{"id":11380,"date":"2022-06-01T12:00:03","date_gmt":"2022-06-01T15:00:03","guid":{"rendered":"http:\/\/dgospel.com.br\/portal\/?p=11380"},"modified":"2022-06-01T12:00:04","modified_gmt":"2022-06-01T15:00:04","slug":"marina-diz-estar-se-preparando-para-ser-candidata-por-sp","status":"publish","type":"post","link":"https:\/\/dgospel.com.br\/portal\/index.php\/2022\/06\/01\/marina-diz-estar-se-preparando-para-ser-candidata-por-sp\/","title":{"rendered":"Marina diz estar se preparando para ser candidata por SP"},"content":{"rendered":"\n<p> A ex-senadora Marina Silva deve disputar as elei\u00e7\u00f5es deste ano. Segundo a revista Veja, ela ir\u00e1 concorrer a uma vaga na C\u00e2mara dos Deputados por S\u00e3o Paulo. <\/p>\n\n\n\n<p> Ao ve\u00edculo, a ex-ministra explicou que est\u00e1 finalizando a prepara\u00e7\u00e3o de sua candidatura. <\/p>\n\n\n\n<p>\u2013 Tomei as provid\u00eancias em termos do que diz a legisla\u00e7\u00e3o para ser apta a ser candidata e estou fazendo uma s\u00e9rie de finaliza\u00e7\u00f5es para ser candidata por S\u00e3o Paulo. A estrat\u00e9gia mais importante, a prioridade, \u00e9 finalizar esse processo e anunciar a decis\u00e3o \u2013 destacou.<\/p>\n\n\n\n<p>Marina Silva ir\u00e1 concorrer pelo partido Rede Sustentabilidade que foi fundado por ela.<\/p>\n","protected":false},"excerpt":{"rendered":"<p>A ex-senadora Marina Silva deve disputar as elei\u00e7\u00f5es deste ano. Segundo a revista Veja, ela ir\u00e1 concorrer a uma vaga na C\u00e2mara dos Deputados por S\u00e3o Paulo. Ao ve\u00edculo, a ex-ministra explicou que est\u00e1 finalizando a prepara\u00e7\u00e3o de sua candidatura. \u2013 Tomei as provid\u00eancias em termos do que diz a legisla\u00e7\u00e3o para ser apta a [&hellip;]<\/p>\n","protected":false},"author":2,"featured_media":11381,"comment_status":"open","ping_status":"open","sticky":false,"template":"","format":"standard","meta":[],"categories":[4],"tags":[],"_links":{"self":[{"href":"https:\/\/dgospel.com.br\/portal\/index.php\/wp-json\/wp\/v2\/posts\/11380"}],"collection":[{"href":"https:\/\/dgospel.com.br\/portal\/index.php\/wp-json\/wp\/v2\/posts"}],"about":[{"href":"https:\/\/dgospel.com.br\/portal\/index.php\/wp-json\/wp\/v2\/types\/post"}],"author":[{"embeddable":true,"href":"https:\/\/dgospel.com.br\/portal\/index.php\/wp-json\/wp\/v2\/users\/2"}],"replies":[{"embeddable":true,"href":"https:\/\/dgospel.com.br\/portal\/index.php\/wp-json\/wp\/v2\/comments?post=11380"}],"version-history":[{"count":1,"href":"https:\/\/dgospel.com.br\/portal\/index.php\/wp-json\/wp\/v2\/posts\/11380\/revisions"}],"predecessor-version":[{"id":11382,"href":"https:\/\/dgospel.com.br\/portal\/index.php\/wp-json\/wp\/v2\/posts\/11380\/revisions\/11382"}],"wp:featuredmedia":[{"embeddable":true,"href":"https:\/\/dgospel.com.br\/portal\/index.php\/wp-json\/wp\/v2\/media\/11381"}],"wp:attachment":[{"href":"https:\/\/dgospel.com.br\/portal\/index.php\/wp-json\/wp\/v2\/media?parent=11380"}],"wp:term":[{"taxonomy":"category","embeddable":true,"href":"https:\/\/dgospel.com.br\/portal\/index.php\/wp-json\/wp\/v2\/categories?post=11380"},{"taxonomy":"post_tag","embeddable":true,"href":"https:\/\/dgospel.com.br\/portal\/index.php\/wp-json\/wp\/v2\/tags?post=11380"}],"curies":[{"name":"wp","href":"https:\/\/api.w.org\/{rel}","templated":true}]}}