{"id":11389,"date":"2022-06-01T12:17:15","date_gmt":"2022-06-01T15:17:15","guid":{"rendered":"http:\/\/dgospel.com.br\/portal\/?p=11389"},"modified":"2022-06-01T12:17:16","modified_gmt":"2022-06-01T15:17:16","slug":"df-recebe-a-marcha-nacional-em-defesa-da-vida-e-contra-o-aborto","status":"publish","type":"post","link":"https:\/\/dgospel.com.br\/portal\/index.php\/2022\/06\/01\/df-recebe-a-marcha-nacional-em-defesa-da-vida-e-contra-o-aborto\/","title":{"rendered":"DF recebe a Marcha Nacional em Defesa da Vida e Contra o Aborto"},"content":{"rendered":"\n<p>O Movimento Brasil sem Aborto promove na pr\u00f3xima ter\u00e7a-feira (7 ), a partir das 14h, na Esplanada dos Minist\u00e9rios em Bras\u00edlia, a XV Marcha Nacional da Cidadania pela Vida e contra o aborto. Com o tema&nbsp;<em>A vida depende do seu voto<\/em>, a Marcha visa refor\u00e7ar a defesa da vida desde \u00e0 concep\u00e7\u00e3o e conscientizar os brasileiros e as autoridades sobre o risco do aborto.<\/p>\n\n\n\n<p>Uma das bandeiras mais fortes da Marcha \u00e9 pela aprova\u00e7\u00e3o do Estatuto do Nascituro, o Projeto de Lei 478\/07, que tramita na C\u00e2mara dos Deputados e aguarda ser pautado na Comiss\u00e3o de Defesa dos Direitos da Mulher.<\/p>\n\n\n\n<figure class=\"wp-block-image\"><img src=\"https:\/\/static.cdn.pleno.news\/2022\/06\/WhatsApp-Image-2022-06-01-at-09.47.21-1-1024x1024.jpeg\" alt=\"\" class=\"wp-image-954946\"\/><\/figure>\n\n\n\n<p>Movimento Brasil sem Aborto\u00a0Foto: Divulga\u00e7\u00e3o\/Movimento Brasil sem Aborto <\/p>\n\n\n\n<p>O Estatuto do Nascituro \u00e9 um projeto de lei brasileiro que visa garantir prote\u00e7\u00e3o integral ao nascituro. Ap\u00f3s ficar arquivados por anos, o projeto voltou a ser protocolado na C\u00e2mara dos Deputados, em dezembro do ano passado.<\/p>\n\n\n\n<p>Foi proposto pelos deputados Osm\u00e2nio Pereira e Elimar M\u00e1ximo Damasceno em 2005. O projeto tamb\u00e9m visava proibir a pesquisa com c\u00e9lulas tronco embrion\u00e1rias no pa\u00eds. O projeto foi arquivado em 31 de janeiro de 2007.<\/p>\n\n\n\n<p>Ap\u00f3s dois anos de pandemia, em que a Marcha ocorreu de forma virtual, autoridades, parlamentares, leigos, religiosos, grupos e movimentos que abra\u00e7am a defesa da vida devem ir para as ruas assim como em outras edi\u00e7\u00f5es anteriores.<\/p>\n\n\n\n<p>A Associa\u00e7\u00e3o Santos Inocentes, localizada em Samambaia, no Distrito Federal, \u00e9 um dos movimentos que estar\u00e1 presente na XV Marcha. Desde 2002, eles atuam no acolhimento de mulheres gr\u00e1vidas carentes e resgatam a vida das crian\u00e7as em gesta\u00e7\u00e3o. Segundo o mission\u00e1rio-gestor da Associa\u00e7\u00e3o, Ari Fran\u00e7a, a Marcha \u00e9 \u201cimportant\u00edssima\u201d para atrair outros setores e trocar experi\u00eancias.<\/p>\n\n\n\n<p>\u2013 Essa \u00e9 uma bandeira muito pol\u00eamica de se defender, ent\u00e3o, esse tipo de movimento acaba atraindo outros setores para pol\u00edticas p\u00fablicas em defesa da vida. \u00c9 um grito que deve acontecer. Atinge pessoas que est\u00e3o passando pr\u00f3ximo e isso \u00e9 uma sementinha plantada, \u00e9 um papel que deve ser de todos para que a vida possa continuar sendo protegida \u2013 declarou.<\/p>\n\n\n\n<p>Outra associa\u00e7\u00e3o que participa de todas as edi\u00e7\u00f5es da Marcha e faz um importante trabalho na prote\u00e7\u00e3o da vida e no apoio \u00e0s mulheres com gravidez indesejada \u00e9 a Associa\u00e7\u00e3o Nacional Pr\u00f3 Vida e Fam\u00edlia. O presidente da Associa\u00e7\u00e3o, Andr\u00e9 Said, refor\u00e7ou a import\u00e2ncia da Marcha de forma presencial como uma forma de mostrar o anseio da maioria da popula\u00e7\u00e3o brasileira que \u00e9 contra a legaliza\u00e7\u00e3o do aborto no Brasil.<\/p>\n\n\n\n<p>\u2013 Estaremos presentes para deixar claro o nosso posicionamento e n\u00e3o estaremos sozinhos, o povo brasileiro em sua grande maioria, n\u00e3o quer que o aborto seja legalizado. \u00c9 preciso que a nossa recusa ao aborto seja expressa de forma cada vez mais expl\u00edcita e fervorosa. Algumas pessoas dizem que legalizar o aborto \u00e9 modernidade, o que h\u00e1 de moderno e humano em propor mortes de inocentes para solucionar problemas sociais? NADA! A legaliza\u00e7\u00e3o do aborto est\u00e1 na contram\u00e3o dos direitos humanos \u2013 disse.\u00c9&nbsp;um&nbsp;grito&nbsp;que&nbsp;deve&nbsp;acontecer.&nbsp;\u00c9&nbsp;um&nbsp;papel&nbsp;que&nbsp;deve&nbsp;ser&nbsp;de&nbsp;todos&nbsp;para&nbsp;que&nbsp;a&nbsp;vida&nbsp;possa&nbsp;continuar&nbsp;sendo&nbsp;protegida<\/p>\n\n\n\n<p>Segundo o presidente da Associa\u00e7\u00e3o Pr\u00f3-vida, a Marcha tamb\u00e9m tem o prop\u00f3sito de conscientizar os brasileiros a elegerem candidatos contr\u00e1rios ao aborto. \u201c\u00c9 fundamental nosso envolvimento na pol\u00edtica, precisamos eleger representantes que sejam verdadeiros defensores da vida, desde a fecunda\u00e7\u00e3o. Pesquise o posicionamento dos candidatos\u201d, declarou.<\/p>\n\n\n\n<p><strong>LIVE DE \u201cAQUECIMENTO\u201d<br><\/strong>Visando refor\u00e7ar a divulga\u00e7\u00e3o da XV Marcha pela Vida e contra o Aborto, ser\u00e1 realizada uma Live no Instagram pelo perfil @brasilsemaborto no pr\u00f3ximo domingo (5), \u00e0s 17h30, com a atriz C\u00e1ssia Kiss que se posicionou recentemente contra o aborto.<\/p>\n","protected":false},"excerpt":{"rendered":"<p>O Movimento Brasil sem Aborto promove na pr\u00f3xima ter\u00e7a-feira (7 ), a partir das 14h, na Esplanada dos Minist\u00e9rios em Bras\u00edlia, a XV Marcha Nacional da Cidadania pela Vida e contra o aborto. Com o tema&nbsp;A vida depende do seu voto, a Marcha visa refor\u00e7ar a defesa da vida desde \u00e0 concep\u00e7\u00e3o e conscientizar os [&hellip;]<\/p>\n","protected":false},"author":2,"featured_media":11390,"comment_status":"open","ping_status":"open","sticky":false,"template":"","format":"standard","meta":[],"categories":[4],"tags":[13],"_links":{"self":[{"href":"https:\/\/dgospel.com.br\/portal\/index.php\/wp-json\/wp\/v2\/posts\/11389"}],"collection":[{"href":"https:\/\/dgospel.com.br\/portal\/index.php\/wp-json\/wp\/v2\/posts"}],"about":[{"href":"https:\/\/dgospel.com.br\/portal\/index.php\/wp-json\/wp\/v2\/types\/post"}],"author":[{"embeddable":true,"href":"https:\/\/dgospel.com.br\/portal\/index.php\/wp-json\/wp\/v2\/users\/2"}],"replies":[{"embeddable":true,"href":"https:\/\/dgospel.com.br\/portal\/index.php\/wp-json\/wp\/v2\/comments?post=11389"}],"version-history":[{"count":1,"href":"https:\/\/dgospel.com.br\/portal\/index.php\/wp-json\/wp\/v2\/posts\/11389\/revisions"}],"predecessor-version":[{"id":11391,"href":"https:\/\/dgospel.com.br\/portal\/index.php\/wp-json\/wp\/v2\/posts\/11389\/revisions\/11391"}],"wp:featuredmedia":[{"embeddable":true,"href":"https:\/\/dgospel.com.br\/portal\/index.php\/wp-json\/wp\/v2\/media\/11390"}],"wp:attachment":[{"href":"https:\/\/dgospel.com.br\/portal\/index.php\/wp-json\/wp\/v2\/media?parent=11389"}],"wp:term":[{"taxonomy":"category","embeddable":true,"href":"https:\/\/dgospel.com.br\/portal\/index.php\/wp-json\/wp\/v2\/categories?post=11389"},{"taxonomy":"post_tag","embeddable":true,"href":"https:\/\/dgospel.com.br\/portal\/index.php\/wp-json\/wp\/v2\/tags?post=11389"}],"curies":[{"name":"wp","href":"https:\/\/api.w.org\/{rel}","templated":true}]}}