{"id":11392,"date":"2022-06-01T13:07:07","date_gmt":"2022-06-01T16:07:07","guid":{"rendered":"http:\/\/dgospel.com.br\/portal\/?p=11392"},"modified":"2022-06-01T13:07:08","modified_gmt":"2022-06-01T16:07:08","slug":"governo-do-tocantins-promove-2o-webnario-estadual-referente-ao-dia-mundial-de-combate-ao-trabalho-infantil","status":"publish","type":"post","link":"https:\/\/dgospel.com.br\/portal\/index.php\/2022\/06\/01\/governo-do-tocantins-promove-2o-webnario-estadual-referente-ao-dia-mundial-de-combate-ao-trabalho-infantil\/","title":{"rendered":"Governo do Tocantins promove 2\u00ba Webn\u00e1rio Estadual referente ao Dia Mundial de Combate ao Trabalho Infantil"},"content":{"rendered":"\n<p>Com a proposta de&nbsp;apoiar e orientar os t\u00e9cnicos municipais no desenvolvimento das a\u00e7\u00f5es estrat\u00e9gicas do Programa de Erradica\u00e7\u00e3o Infantil (Peti), o Governo do Tocantins, por meio da Secretaria do Trabalho e Desenvolvimento Social ( Setas), realiza nesta sexta-feira, 3, das 9 \u00e0s 12 horas, o 2\u00ba Webn\u00e1rio Estadual sobre o Trabalho Infantil Prote\u00e7\u00e3o Social e Trabalho Infantil &#8211; O Tocantins diz N\u00c3O ao Trabalho Infantil.&nbsp;<\/p>\n\n\n\n<p>A a\u00e7\u00e3o \u00e9 referente ao Dia Mundial de Combate ao Trabalho Infantil, comemorado em 12 de junho, com o objetivo de promover a reflex\u00e3o sobre os direitos da crian\u00e7a a uma inf\u00e2ncia segura, educa\u00e7\u00e3o e sa\u00fade, livre da explora\u00e7\u00e3o infantil e de outras viola\u00e7\u00f5es de direitos.<\/p>\n\n\n\n<p>O evento ser\u00e1 on-line, pelo endere\u00e7o&nbsp;<a href=\"https:\/\/meet.google.com\/vpr-hupg-txz\">https:\/\/meet.google.com\/vpr-hupg-txz<\/a>, e ter\u00e1 palestras da procuradora do Trabalho do 1\u00ba Of\u00edcio da Procuradoria do Trabalho do munic\u00edpio de Aragua\u00edna, Luciana Correia da Silva, e do analista t\u00e9cnico do Conselho Nacional de Assist\u00eancia Social (CNAS), Francisco Coullanges Xavier.&nbsp;<\/p>\n\n\n\n<p>O p\u00fablico-alvo s\u00e3o os&nbsp;secret\u00e1rios de assist\u00eancia social, equipes do Centro de Refer\u00eancia Especializado de Assist\u00eancia Social (Creas) e t\u00e9cnicos de refer\u00eancia da prote\u00e7\u00e3o social especial dos munic\u00edpios, mas o evento \u00e9 aberto para o p\u00fablico em geral, segundo a gerente a Prote\u00e7\u00e3o Social Especial da Setas, Canilda Cruz.&nbsp;<\/p>\n\n\n\n<p><strong>Peti&nbsp;<\/strong><\/p>\n\n\n\n<p>No Tocantins, 9.110 crian\u00e7as e adolescentes s\u00e3o atendidas pelo Programa de Erradica\u00e7\u00e3o do Trabalho Infantil (Peti) em 120 munic\u00edpios.&nbsp;A Setas \u00e9 respons\u00e1vel pela coordena\u00e7\u00e3o estadual do programa, que envolve orienta\u00e7\u00e3o, apoio e monitoramento, entre outras atividades direcionadas.<\/p>\n\n\n\n<p>De acordo com informa\u00e7\u00f5es da Organiza\u00e7\u00e3o Internacional do Trabalho (OIT), em 2020, 160 milh\u00f5es de crian\u00e7as e adolescentes, entre cinco e 17 anos, foram v\u00edtimas de trabalho infantil no mundo (97 milh\u00f5es de meninos e 63 milh\u00f5es de meninas), ou seja, uma em cada 10 crian\u00e7as e adolescentes ao redor do mundo se encontravam em situa\u00e7\u00e3o de trabalho infantil.<\/p>\n\n\n\n<p><strong>Trabalho Infantil&nbsp;<\/strong><\/p>\n\n\n\n<p>&nbsp;Ainda segundo a OIT, nem todo o trabalho exercido por crian\u00e7as deve ser classificado como trabalho infantil. O termo &#8220;trabalho infantil&#8221; \u00e9 definido como o trabalho que priva as crian\u00e7as de sua inf\u00e2ncia, seu potencial e sua dignidade, e que \u00e9 prejudicial ao seu desenvolvimento f\u00edsico e mental. O trabalho Infantil priva as crian\u00e7as e os adolescentes de terem uma inf\u00e2ncia, comprometendo o seu desenvolvimento pleno como preconiza o Estatuto da Crian\u00e7a e do Adolescente (ECA).<\/p>\n","protected":false},"excerpt":{"rendered":"<p>Com a proposta de&nbsp;apoiar e orientar os t\u00e9cnicos municipais no desenvolvimento das a\u00e7\u00f5es estrat\u00e9gicas do Programa de Erradica\u00e7\u00e3o Infantil (Peti), o Governo do Tocantins, por meio da Secretaria do Trabalho e Desenvolvimento Social ( Setas), realiza nesta sexta-feira, 3, das 9 \u00e0s 12 horas, o 2\u00ba Webn\u00e1rio Estadual sobre o Trabalho Infantil Prote\u00e7\u00e3o Social e [&hellip;]<\/p>\n","protected":false},"author":2,"featured_media":11393,"comment_status":"open","ping_status":"open","sticky":false,"template":"","format":"standard","meta":[],"categories":[3],"tags":[13],"_links":{"self":[{"href":"https:\/\/dgospel.com.br\/portal\/index.php\/wp-json\/wp\/v2\/posts\/11392"}],"collection":[{"href":"https:\/\/dgospel.com.br\/portal\/index.php\/wp-json\/wp\/v2\/posts"}],"about":[{"href":"https:\/\/dgospel.com.br\/portal\/index.php\/wp-json\/wp\/v2\/types\/post"}],"author":[{"embeddable":true,"href":"https:\/\/dgospel.com.br\/portal\/index.php\/wp-json\/wp\/v2\/users\/2"}],"replies":[{"embeddable":true,"href":"https:\/\/dgospel.com.br\/portal\/index.php\/wp-json\/wp\/v2\/comments?post=11392"}],"version-history":[{"count":1,"href":"https:\/\/dgospel.com.br\/portal\/index.php\/wp-json\/wp\/v2\/posts\/11392\/revisions"}],"predecessor-version":[{"id":11394,"href":"https:\/\/dgospel.com.br\/portal\/index.php\/wp-json\/wp\/v2\/posts\/11392\/revisions\/11394"}],"wp:featuredmedia":[{"embeddable":true,"href":"https:\/\/dgospel.com.br\/portal\/index.php\/wp-json\/wp\/v2\/media\/11393"}],"wp:attachment":[{"href":"https:\/\/dgospel.com.br\/portal\/index.php\/wp-json\/wp\/v2\/media?parent=11392"}],"wp:term":[{"taxonomy":"category","embeddable":true,"href":"https:\/\/dgospel.com.br\/portal\/index.php\/wp-json\/wp\/v2\/categories?post=11392"},{"taxonomy":"post_tag","embeddable":true,"href":"https:\/\/dgospel.com.br\/portal\/index.php\/wp-json\/wp\/v2\/tags?post=11392"}],"curies":[{"name":"wp","href":"https:\/\/api.w.org\/{rel}","templated":true}]}}