{"id":11395,"date":"2022-06-02T09:31:36","date_gmt":"2022-06-02T12:31:36","guid":{"rendered":"http:\/\/dgospel.com.br\/portal\/?p=11395"},"modified":"2022-06-02T09:31:37","modified_gmt":"2022-06-02T12:31:37","slug":"eli-borges-defende-aplicacao-dos-direitos-humanos-sem-excecoes","status":"publish","type":"post","link":"https:\/\/dgospel.com.br\/portal\/index.php\/2022\/06\/02\/eli-borges-defende-aplicacao-dos-direitos-humanos-sem-excecoes\/","title":{"rendered":"Eli Borges defende aplica\u00e7\u00e3o dos direitos humanos sem exce\u00e7\u00f5es"},"content":{"rendered":"\n<p>O porta-voz da Bancada Evang\u00e9lica na C\u00e2mara, deputado federal Eli Borges (PL-TO), afirmou que a aplica\u00e7\u00e3o dos direitos humanos deve ser feita de forma universal. Na opini\u00e3o do parlamentar esse bravo do direito n\u00e3o pode ser usado para defesa de grupos espec\u00edficos.<\/p>\n\n\n\n<p>&#8220;Venho de sete mandatos no meu Estado e exer\u00e7o agora o primeiro nesta C\u00e2mara Federal.<br>\nUma das coisas que mais me assustou por aqui foi a Comiss\u00e3o de Direitos Humanos. Eu comecei a perceber que a Comiss\u00e3o faz um trabalho brilhante \u2014 eu respeito todos os seus integrantes \u2014, mas vi que h\u00e1 mistura do que efetivamente s\u00e3o direitos humanos para quem tem o direito de ter os direitos humanos no Brasil. Comecei a perceber, por exemplo, que o policial que no exerc\u00edcio da sua miss\u00e3o apreende o bandido muitas vezes n\u00e3o tem prote\u00e7\u00e3o dos direitos humanos, mas o bandido que est\u00e1 na cadeia tem os olhares especiais dos direitos humanos. Percebi que aqueles que s\u00e3o h\u00e9teros e caminham de uma maneira descente na sua vis\u00e3o nem sempre s\u00e3o alvos deste ramo do Direito e aqueles que buscam a vida homoafetiva t\u00eam um excesso de prote\u00e7\u00e3o dos direitos humanos. N\u00e3o estou dizendo que ningu\u00e9m est\u00e1 certo ou errado, mas h\u00e1 uma quest\u00e3o a ser levantada, porque todos s\u00e3o iguais perante a lei&#8221;, declara.<\/p>\n\n\n\n<p>Ainda no discurso, Eli Borges lan\u00e7ou questionamentos sobre os reais requisitos para aplica\u00e7\u00e3o dos direitos humanos no pa\u00eds.<\/p>\n\n\n\n<p>&#8220;O que vale para definir quem tem e n\u00e3o tem direitos humanos \u00e9 o ordenamento jur\u00eddico brasileiro, e, \u00e0s vezes, percebo que a prote\u00e7\u00e3o aos animais na busca dos direitos humanos \u00e9 muito mais forte do que a prote\u00e7\u00e3o aos humanos.<br>\nEssa \u00e9 uma situa\u00e7\u00e3o que temos que rediscutir no Brasil. O que efetivamente s\u00e3o direitos humanos? Eu entendo que s\u00e3o direitos para todos os humanos que tiveram o seu direito negado no ordenamento jur\u00eddico brasileiro, n\u00e3o importando de que lado estejam no fato, na hist\u00f3ria. Assim n\u00f3s estaremos fazendo justi\u00e7a a todos os brasileiros&#8221;, conclui.<\/p>\n","protected":false},"excerpt":{"rendered":"<p>O porta-voz da Bancada Evang\u00e9lica na C\u00e2mara, deputado federal Eli Borges (PL-TO), afirmou que a aplica\u00e7\u00e3o dos direitos humanos deve ser feita de forma universal. Na opini\u00e3o do parlamentar esse bravo do direito n\u00e3o pode ser usado para defesa de grupos espec\u00edficos. &#8220;Venho de sete mandatos no meu Estado e exer\u00e7o agora o primeiro nesta [&hellip;]<\/p>\n","protected":false},"author":2,"featured_media":11396,"comment_status":"open","ping_status":"open","sticky":false,"template":"","format":"standard","meta":[],"categories":[8],"tags":[],"_links":{"self":[{"href":"https:\/\/dgospel.com.br\/portal\/index.php\/wp-json\/wp\/v2\/posts\/11395"}],"collection":[{"href":"https:\/\/dgospel.com.br\/portal\/index.php\/wp-json\/wp\/v2\/posts"}],"about":[{"href":"https:\/\/dgospel.com.br\/portal\/index.php\/wp-json\/wp\/v2\/types\/post"}],"author":[{"embeddable":true,"href":"https:\/\/dgospel.com.br\/portal\/index.php\/wp-json\/wp\/v2\/users\/2"}],"replies":[{"embeddable":true,"href":"https:\/\/dgospel.com.br\/portal\/index.php\/wp-json\/wp\/v2\/comments?post=11395"}],"version-history":[{"count":1,"href":"https:\/\/dgospel.com.br\/portal\/index.php\/wp-json\/wp\/v2\/posts\/11395\/revisions"}],"predecessor-version":[{"id":11397,"href":"https:\/\/dgospel.com.br\/portal\/index.php\/wp-json\/wp\/v2\/posts\/11395\/revisions\/11397"}],"wp:featuredmedia":[{"embeddable":true,"href":"https:\/\/dgospel.com.br\/portal\/index.php\/wp-json\/wp\/v2\/media\/11396"}],"wp:attachment":[{"href":"https:\/\/dgospel.com.br\/portal\/index.php\/wp-json\/wp\/v2\/media?parent=11395"}],"wp:term":[{"taxonomy":"category","embeddable":true,"href":"https:\/\/dgospel.com.br\/portal\/index.php\/wp-json\/wp\/v2\/categories?post=11395"},{"taxonomy":"post_tag","embeddable":true,"href":"https:\/\/dgospel.com.br\/portal\/index.php\/wp-json\/wp\/v2\/tags?post=11395"}],"curies":[{"name":"wp","href":"https:\/\/api.w.org\/{rel}","templated":true}]}}