{"id":11408,"date":"2022-06-07T12:58:05","date_gmt":"2022-06-07T15:58:05","guid":{"rendered":"http:\/\/dgospel.com.br\/portal\/?p=11408"},"modified":"2022-06-07T12:58:07","modified_gmt":"2022-06-07T15:58:07","slug":"bolsonaro-diz-que-vai-compensar-estados-que-zerarem-icms-de-combustiveis","status":"publish","type":"post","link":"https:\/\/dgospel.com.br\/portal\/index.php\/2022\/06\/07\/bolsonaro-diz-que-vai-compensar-estados-que-zerarem-icms-de-combustiveis\/","title":{"rendered":"Bolsonaro diz que vai compensar estados que zerarem ICMS de combust\u00edveis"},"content":{"rendered":"\n<p> Na noite desta segunda-feira (6), o presidente Jair Bolsonaro anunciou que o governo federal ir\u00e1 ressarcir os estados pela perda de arrecada\u00e7\u00e3o caso os governadores zerem o Imposto sobre Circula\u00e7\u00e3o de Mercadorias e Servi\u00e7os (ICMS) sobre o diesel. A medida, caso seja aceita pelos governadores, valer\u00e1 at\u00e9 o dia 31 de dezembro de 2022. <\/p>\n\n\n\n<p> \u2013 N\u00f3s sabemos o que vem acontecendo na quest\u00e3o de combust\u00edveis, onde todos sofrem, em especial os mais humildes \u2013 apontou o presidente. <\/p>\n\n\n\n<p>O an\u00fancio ocorreu ap\u00f3s Bolsonaro participar de uma reuni\u00e3o com os presidentes da C\u00e2mara, Arthur Lira (PP-AL), e do Senado, Rodrigo Pacheco (PSD-MG), no Pal\u00e1cio do Planalto. Um dos temas da conversa foi um projeto de lei que cria um teto de 17% para o ICMS de combust\u00edveis, energia el\u00e9trica, transporte e comunica\u00e7\u00f5es.<\/p>\n\n\n\n<p>O texto j\u00e1 foi aprovado pela C\u00e2mara e agora segue em an\u00e1lise no Senado. Um dos pontos inclu\u00eddos pelos deputados no projeto foi o ressarcimento para os estados que tiverem perda de arrecada\u00e7\u00e3o com o limite do tributo. Bolsonaro tamb\u00e9m disse que a medida valer\u00e1 para os estados que zerarem o imposto do g\u00e1s de cozinha.<\/p>\n\n\n\n<p>Durante coletiva de imprensa para falar sobre a medida, o ministro da Economia, Paulo Guedes, negou que a medida seja um subs\u00eddio.<\/p>\n\n\n\n<p>\u2013 N\u00f3s estamos mantendo o nosso duplo compromisso. Primeiro, n\u00f3s vamos proteger a popula\u00e7\u00e3o brasileira novamente. O governo federal vai transferir recursos, n\u00e3o para dar subs\u00eddio, mas para permitir redu\u00e7\u00e3o de impostos, que sempre foi o nosso programa \u2013 destacou.<\/p>\n\n\n\n<figure class=\"wp-block-embed-twitter wp-block-embed is-type-rich is-provider-twitter\"><div class=\"wp-block-embed__wrapper\">\n<blockquote class=\"twitter-tweet\" data-width=\"550\" data-dnt=\"true\"><p lang=\"pt\" dir=\"ltr\">\ud83d\udcdc AGORA: o Presidente da Rep\u00fablica, com ministros e chefes do Legislativo, anuncia medidas para aliviar o peso da crise da pandemia e do conflito na Ucr\u00e2nia no bolso dos brasileiros.<br><br>Em resumo, o Governo prop\u00f5e-se a PAGAR para que estados zerem o ICMS dos combust\u00edveis. Confira. <a href=\"https:\/\/t.co\/vnjjYk6wnh\">pic.twitter.com\/vnjjYk6wnh<\/a><\/p>&mdash; SecomVc (@secomvc) <a href=\"https:\/\/twitter.com\/secomvc\/status\/1533950595840847872?ref_src=twsrc%5Etfw\">June 6, 2022<\/a><\/blockquote><script async src=\"https:\/\/platform.twitter.com\/widgets.js\" charset=\"utf-8\"><\/script>\n<\/div><\/figure>\n","protected":false},"excerpt":{"rendered":"<p>Na noite desta segunda-feira (6), o presidente Jair Bolsonaro anunciou que o governo federal ir\u00e1 ressarcir os estados pela perda de arrecada\u00e7\u00e3o caso os governadores zerem o Imposto sobre Circula\u00e7\u00e3o de Mercadorias e Servi\u00e7os (ICMS) sobre o diesel. A medida, caso seja aceita pelos governadores, valer\u00e1 at\u00e9 o dia 31 de dezembro de 2022. \u2013 [&hellip;]<\/p>\n","protected":false},"author":2,"featured_media":11409,"comment_status":"open","ping_status":"open","sticky":false,"template":"","format":"standard","meta":[],"categories":[4],"tags":[13,14],"_links":{"self":[{"href":"https:\/\/dgospel.com.br\/portal\/index.php\/wp-json\/wp\/v2\/posts\/11408"}],"collection":[{"href":"https:\/\/dgospel.com.br\/portal\/index.php\/wp-json\/wp\/v2\/posts"}],"about":[{"href":"https:\/\/dgospel.com.br\/portal\/index.php\/wp-json\/wp\/v2\/types\/post"}],"author":[{"embeddable":true,"href":"https:\/\/dgospel.com.br\/portal\/index.php\/wp-json\/wp\/v2\/users\/2"}],"replies":[{"embeddable":true,"href":"https:\/\/dgospel.com.br\/portal\/index.php\/wp-json\/wp\/v2\/comments?post=11408"}],"version-history":[{"count":1,"href":"https:\/\/dgospel.com.br\/portal\/index.php\/wp-json\/wp\/v2\/posts\/11408\/revisions"}],"predecessor-version":[{"id":11410,"href":"https:\/\/dgospel.com.br\/portal\/index.php\/wp-json\/wp\/v2\/posts\/11408\/revisions\/11410"}],"wp:featuredmedia":[{"embeddable":true,"href":"https:\/\/dgospel.com.br\/portal\/index.php\/wp-json\/wp\/v2\/media\/11409"}],"wp:attachment":[{"href":"https:\/\/dgospel.com.br\/portal\/index.php\/wp-json\/wp\/v2\/media?parent=11408"}],"wp:term":[{"taxonomy":"category","embeddable":true,"href":"https:\/\/dgospel.com.br\/portal\/index.php\/wp-json\/wp\/v2\/categories?post=11408"},{"taxonomy":"post_tag","embeddable":true,"href":"https:\/\/dgospel.com.br\/portal\/index.php\/wp-json\/wp\/v2\/tags?post=11408"}],"curies":[{"name":"wp","href":"https:\/\/api.w.org\/{rel}","templated":true}]}}