{"id":11411,"date":"2022-06-07T13:05:01","date_gmt":"2022-06-07T16:05:01","guid":{"rendered":"http:\/\/dgospel.com.br\/portal\/?p=11411"},"modified":"2022-06-07T13:05:02","modified_gmt":"2022-06-07T16:05:02","slug":"jair-bolsonaro-parte-do-judiciario-foca-em-minar-a-liberdade-de-expressao","status":"publish","type":"post","link":"https:\/\/dgospel.com.br\/portal\/index.php\/2022\/06\/07\/jair-bolsonaro-parte-do-judiciario-foca-em-minar-a-liberdade-de-expressao\/","title":{"rendered":"Jair Bolsonaro: \u201cParte do Judici\u00e1rio foca em minar a liberdade de express\u00e3o\u201d"},"content":{"rendered":"\n<p>O presidente&nbsp;<a href=\"https:\/\/pleno.news\/tag\/jair-bolsonaro\" target=\"_blank\" rel=\"noreferrer noopener\">Jair Bolsonaro<\/a>&nbsp;(PL) afirmou que uma parte do Judici\u00e1rio em Bras\u00edlia foca em \u201cminar a liberdade de express\u00e3o\u201d. A declara\u00e7\u00e3o ocorreu durante entrevista ao SBT News.<\/p>\n\n\n\n<p>\u2013 Se voc\u00ea analisar os fatos dos \u00faltimos dois anos, voc\u00ea v\u00ea que uma parte do Poder Judici\u00e1rio foca em cima de minar a liberdade de express\u00e3o. Voc\u00ea viu pris\u00e3o de parlamentar, que n\u00e3o pode ser preso por palavras e opini\u00f5es, sejam elas quais forem \u2013 disse durante a entrevista.<\/p>\n\n\n\n<p>Em ataque impl\u00edcito aos ministros da Corte Suprema, Bolsonaro voltou a dizer que lutar\u00e1 para que a liberdade seja respeitada, \u201ce n\u00e3o a vontade de duas ou tr\u00eas pessoas em Bras\u00edlia\u201d.<\/p>\n\n\n\n<p>\u2013 Essas pessoas abusam porque querem minar a nossa candidatura para facilitar o outro lado. O que fazem com o pessoal de direita, n\u00e3o fazem com o pessoal de esquerda \u2013 declarou.<\/p>\n\n\n\n<p>Bolsonaro faz refer\u00eancia sobretudo aos ministros Alexandre de Moraes, Edson Fachin e Lu\u00eds Roberto Barroso, que est\u00e3o recorrentemente nas reclama\u00e7\u00f5es do presidente da Rep\u00fablica.<\/p>\n\n\n\n<p>*AE<\/p>\n","protected":false},"excerpt":{"rendered":"<p>O presidente&nbsp;Jair Bolsonaro&nbsp;(PL) afirmou que uma parte do Judici\u00e1rio em Bras\u00edlia foca em \u201cminar a liberdade de express\u00e3o\u201d. A declara\u00e7\u00e3o ocorreu durante entrevista ao SBT News. \u2013 Se voc\u00ea analisar os fatos dos \u00faltimos dois anos, voc\u00ea v\u00ea que uma parte do Poder Judici\u00e1rio foca em cima de minar a liberdade de express\u00e3o. Voc\u00ea viu [&hellip;]<\/p>\n","protected":false},"author":2,"featured_media":11412,"comment_status":"open","ping_status":"open","sticky":false,"template":"","format":"standard","meta":[],"categories":[4],"tags":[14],"_links":{"self":[{"href":"https:\/\/dgospel.com.br\/portal\/index.php\/wp-json\/wp\/v2\/posts\/11411"}],"collection":[{"href":"https:\/\/dgospel.com.br\/portal\/index.php\/wp-json\/wp\/v2\/posts"}],"about":[{"href":"https:\/\/dgospel.com.br\/portal\/index.php\/wp-json\/wp\/v2\/types\/post"}],"author":[{"embeddable":true,"href":"https:\/\/dgospel.com.br\/portal\/index.php\/wp-json\/wp\/v2\/users\/2"}],"replies":[{"embeddable":true,"href":"https:\/\/dgospel.com.br\/portal\/index.php\/wp-json\/wp\/v2\/comments?post=11411"}],"version-history":[{"count":1,"href":"https:\/\/dgospel.com.br\/portal\/index.php\/wp-json\/wp\/v2\/posts\/11411\/revisions"}],"predecessor-version":[{"id":11413,"href":"https:\/\/dgospel.com.br\/portal\/index.php\/wp-json\/wp\/v2\/posts\/11411\/revisions\/11413"}],"wp:featuredmedia":[{"embeddable":true,"href":"https:\/\/dgospel.com.br\/portal\/index.php\/wp-json\/wp\/v2\/media\/11412"}],"wp:attachment":[{"href":"https:\/\/dgospel.com.br\/portal\/index.php\/wp-json\/wp\/v2\/media?parent=11411"}],"wp:term":[{"taxonomy":"category","embeddable":true,"href":"https:\/\/dgospel.com.br\/portal\/index.php\/wp-json\/wp\/v2\/categories?post=11411"},{"taxonomy":"post_tag","embeddable":true,"href":"https:\/\/dgospel.com.br\/portal\/index.php\/wp-json\/wp\/v2\/tags?post=11411"}],"curies":[{"name":"wp","href":"https:\/\/api.w.org\/{rel}","templated":true}]}}