{"id":11414,"date":"2022-06-07T13:08:56","date_gmt":"2022-06-07T16:08:56","guid":{"rendered":"http:\/\/dgospel.com.br\/portal\/?p=11414"},"modified":"2022-06-07T13:08:57","modified_gmt":"2022-06-07T16:08:57","slug":"jair-bolsonaro-se-reune-com-representantes-do-telegram","status":"publish","type":"post","link":"https:\/\/dgospel.com.br\/portal\/index.php\/2022\/06\/07\/jair-bolsonaro-se-reune-com-representantes-do-telegram\/","title":{"rendered":"Jair Bolsonaro se re\u00fane com representantes do Telegram"},"content":{"rendered":"\n<p>O presidente&nbsp;<a href=\"http:\/\/pleno.news\/tag\/jair-bolsonaro\" target=\"_blank\" rel=\"noreferrer noopener\">Jair Bolsonaro<\/a>&nbsp;se reuniu, na manh\u00e3 desta ter\u00e7a-feira (7), com o vice-presidente do&nbsp;<a href=\"http:\/\/pleno.news\/tag\/telegram\" target=\"_blank\" rel=\"noreferrer noopener\">Telegram<\/a>, Ilya Perekopsky, e com o advogado da empresa no Brasil, Alan Campos Elias Thomaz, no Pal\u00e1cio do Planalto. No encontro, que foi registrado pelo l\u00edder em uma publica\u00e7\u00e3o nas redes sociais, Bolsonaro disse que a conversa girou em torno de temas como a liberdade de express\u00e3o.<\/p>\n\n\n\n<p>\u2013 Hoje, dia da Liberdade de Imprensa, tive excelente reuni\u00e3o com o vice-presidente mundial do Telegram, o Sr. Ilya Perekopsky, e o representante legal no Brasil, o sr. Alan Thomaz. \u00d3tima conversa sobre a sagrada liberdade de express\u00e3o, democracia e cumprimento da Constitui\u00e7\u00e3o \u2013 escreveu o chefe do Executivo.<\/p>\n\n\n\n<figure class=\"wp-block-image\"><img src=\"https:\/\/static.cdn.pleno.news\/2022\/06\/Bolsonaro-se-reuniu-com-representantes-do-Telegram-1024x682.jpg\" alt=\"\" class=\"wp-image-958227\"\/><\/figure>\n\n\n\n<p>Bolsonaro se reuniu com representantes do Telegram\u00a0Foto: Divulga\u00e7\u00e3o\/PR<\/p>\n\n\n\n<p>Na segunda (6), os representantes da plataforma se reuniram com o presidente do Tribunal Superior Eleitoral (TSE), Edson Fachin. De acordo com a Corte Eleitoral, a plataforma anunciou uma s\u00e9rie de iniciativas in\u00e9ditas que est\u00e1 desenvolvendo e implementando pela primeira vez no Brasil, como o monitoramento de conte\u00fados publicados nos grupos de usu\u00e1rios.<\/p>\n\n\n\n<p>No Brasil, o canal do presidente da Rep\u00fablica lidera o ranking de seguidores no Telegram, com 1,3 milh\u00e3o de usu\u00e1rios. Al\u00e9m do chefe do Executivo, as p\u00e1ginas de seus filhos Carlos Bolsonaro, com 102 mil seguidores; Eduardo Bolsonaro, com 65 mil usu\u00e1rios; e Fl\u00e1vio Bolsonaro, com 115 mil seguidores, tamb\u00e9m aparecem com destaque na plataforma.<\/p>\n\n\n\n<p> <\/p>\n","protected":false},"excerpt":{"rendered":"<p>O presidente&nbsp;Jair Bolsonaro&nbsp;se reuniu, na manh\u00e3 desta ter\u00e7a-feira (7), com o vice-presidente do&nbsp;Telegram, Ilya Perekopsky, e com o advogado da empresa no Brasil, Alan Campos Elias Thomaz, no Pal\u00e1cio do Planalto. No encontro, que foi registrado pelo l\u00edder em uma publica\u00e7\u00e3o nas redes sociais, Bolsonaro disse que a conversa girou em torno de temas como [&hellip;]<\/p>\n","protected":false},"author":2,"featured_media":11415,"comment_status":"open","ping_status":"open","sticky":false,"template":"","format":"standard","meta":[],"categories":[4],"tags":[],"_links":{"self":[{"href":"https:\/\/dgospel.com.br\/portal\/index.php\/wp-json\/wp\/v2\/posts\/11414"}],"collection":[{"href":"https:\/\/dgospel.com.br\/portal\/index.php\/wp-json\/wp\/v2\/posts"}],"about":[{"href":"https:\/\/dgospel.com.br\/portal\/index.php\/wp-json\/wp\/v2\/types\/post"}],"author":[{"embeddable":true,"href":"https:\/\/dgospel.com.br\/portal\/index.php\/wp-json\/wp\/v2\/users\/2"}],"replies":[{"embeddable":true,"href":"https:\/\/dgospel.com.br\/portal\/index.php\/wp-json\/wp\/v2\/comments?post=11414"}],"version-history":[{"count":1,"href":"https:\/\/dgospel.com.br\/portal\/index.php\/wp-json\/wp\/v2\/posts\/11414\/revisions"}],"predecessor-version":[{"id":11416,"href":"https:\/\/dgospel.com.br\/portal\/index.php\/wp-json\/wp\/v2\/posts\/11414\/revisions\/11416"}],"wp:featuredmedia":[{"embeddable":true,"href":"https:\/\/dgospel.com.br\/portal\/index.php\/wp-json\/wp\/v2\/media\/11415"}],"wp:attachment":[{"href":"https:\/\/dgospel.com.br\/portal\/index.php\/wp-json\/wp\/v2\/media?parent=11414"}],"wp:term":[{"taxonomy":"category","embeddable":true,"href":"https:\/\/dgospel.com.br\/portal\/index.php\/wp-json\/wp\/v2\/categories?post=11414"},{"taxonomy":"post_tag","embeddable":true,"href":"https:\/\/dgospel.com.br\/portal\/index.php\/wp-json\/wp\/v2\/tags?post=11414"}],"curies":[{"name":"wp","href":"https:\/\/api.w.org\/{rel}","templated":true}]}}