{"id":11421,"date":"2022-06-08T16:53:59","date_gmt":"2022-06-08T19:53:59","guid":{"rendered":"http:\/\/dgospel.com.br\/portal\/?p=11421"},"modified":"2022-06-08T16:54:00","modified_gmt":"2022-06-08T19:54:00","slug":"depois-de-decisao-do-tre-moro-decide-se-candidatar-no-parana","status":"publish","type":"post","link":"https:\/\/dgospel.com.br\/portal\/index.php\/2022\/06\/08\/depois-de-decisao-do-tre-moro-decide-se-candidatar-no-parana\/","title":{"rendered":"Depois de decis\u00e3o do TRE, Moro decide se candidatar no Paran\u00e1"},"content":{"rendered":"\n<p> Diante da decis\u00e3o do TRE\/SP que impossibilitou a candidatura do ex-juiz Sergio Moro (Uni\u00e3o Brasil) em S\u00e3o Paulo, o ex-ministro da Justi\u00e7a agora concorrer\u00e1 \u00e0s elei\u00e7\u00f5es no Paran\u00e1, seu estado de origem. O ex-magistrado poderia recorrer \u00e0 decis\u00e3o da Corte, mas optou por aceit\u00e1-la e definir sua vida pol\u00edtica. <\/p>\n\n\n\n<p> Segundo informa\u00e7\u00f5es do colunista Lauro Jardim, do jornal O Globo, Moro tem feito mist\u00e9rio sobre qual cargo disputar\u00e1. A interlocutores, ele afirma que pode se lan\u00e7ar como deputado federal, senador ou mesmo governador.<\/p>\n\n\n\n<p>Desde que deixou o Podemos e migrou para o Uni\u00e3o Brasil, tendo sua candidatura presidencial barrada pelo partido, Moro era cotado para o Senado em S\u00e3o Paulo. Entretanto, o Tribunal Regional Eleitoral (TRE) de S\u00e3o Paulo decidiu rejeitar a transfer\u00eancia de domic\u00edlio eleitoral de Moro, que \u00e9 natural do Paran\u00e1.<\/p>\n\n\n\n<p>Na noite desta ter\u00e7a-feira (7), o ex-juiz se manifestou nas redes sociais, dizendo estar surpreso.<\/p>\n\n\n\n<p>\u2013 Recebi surpreso a decis\u00e3o do TRE de S\u00e3o Paulo na a\u00e7\u00e3o proposta pelo PT. Nas ruas, sinto o apoio de gente que, como eu, orgulha-se do resultado da Lava Jato e n\u00e3o desistiu de lutar pelo Brasil. Anunciarei em breve meus pr\u00f3ximos passos. Mas \u00e9 certo que n\u00e3o desistirei do Brasil \u2013 escreveu.<\/p>\n\n\n\n<p> <\/p>\n","protected":false},"excerpt":{"rendered":"<p>Diante da decis\u00e3o do TRE\/SP que impossibilitou a candidatura do ex-juiz Sergio Moro (Uni\u00e3o Brasil) em S\u00e3o Paulo, o ex-ministro da Justi\u00e7a agora concorrer\u00e1 \u00e0s elei\u00e7\u00f5es no Paran\u00e1, seu estado de origem. O ex-magistrado poderia recorrer \u00e0 decis\u00e3o da Corte, mas optou por aceit\u00e1-la e definir sua vida pol\u00edtica. Segundo informa\u00e7\u00f5es do colunista Lauro Jardim, [&hellip;]<\/p>\n","protected":false},"author":2,"featured_media":11422,"comment_status":"open","ping_status":"open","sticky":false,"template":"","format":"standard","meta":[],"categories":[4],"tags":[],"_links":{"self":[{"href":"https:\/\/dgospel.com.br\/portal\/index.php\/wp-json\/wp\/v2\/posts\/11421"}],"collection":[{"href":"https:\/\/dgospel.com.br\/portal\/index.php\/wp-json\/wp\/v2\/posts"}],"about":[{"href":"https:\/\/dgospel.com.br\/portal\/index.php\/wp-json\/wp\/v2\/types\/post"}],"author":[{"embeddable":true,"href":"https:\/\/dgospel.com.br\/portal\/index.php\/wp-json\/wp\/v2\/users\/2"}],"replies":[{"embeddable":true,"href":"https:\/\/dgospel.com.br\/portal\/index.php\/wp-json\/wp\/v2\/comments?post=11421"}],"version-history":[{"count":1,"href":"https:\/\/dgospel.com.br\/portal\/index.php\/wp-json\/wp\/v2\/posts\/11421\/revisions"}],"predecessor-version":[{"id":11423,"href":"https:\/\/dgospel.com.br\/portal\/index.php\/wp-json\/wp\/v2\/posts\/11421\/revisions\/11423"}],"wp:featuredmedia":[{"embeddable":true,"href":"https:\/\/dgospel.com.br\/portal\/index.php\/wp-json\/wp\/v2\/media\/11422"}],"wp:attachment":[{"href":"https:\/\/dgospel.com.br\/portal\/index.php\/wp-json\/wp\/v2\/media?parent=11421"}],"wp:term":[{"taxonomy":"category","embeddable":true,"href":"https:\/\/dgospel.com.br\/portal\/index.php\/wp-json\/wp\/v2\/categories?post=11421"},{"taxonomy":"post_tag","embeddable":true,"href":"https:\/\/dgospel.com.br\/portal\/index.php\/wp-json\/wp\/v2\/tags?post=11421"}],"curies":[{"name":"wp","href":"https:\/\/api.w.org\/{rel}","templated":true}]}}