{"id":11424,"date":"2022-06-08T17:08:10","date_gmt":"2022-06-08T20:08:10","guid":{"rendered":"http:\/\/dgospel.com.br\/portal\/?p=11424"},"modified":"2022-06-08T17:08:11","modified_gmt":"2022-06-08T20:08:11","slug":"para-maioria-dos-eleitores-lula-foi-condenado-justamente","status":"publish","type":"post","link":"https:\/\/dgospel.com.br\/portal\/index.php\/2022\/06\/08\/para-maioria-dos-eleitores-lula-foi-condenado-justamente\/","title":{"rendered":"Para maioria dos eleitores, Lula foi condenado justamente"},"content":{"rendered":"\n<p>Uma nova pesquisa divulgada pela Genial\/Quaest, nesta quarta-feira (8), apontou que 48% dos eleitores consideram que as condena\u00e7\u00f5es do ex-presidente Luiz In\u00e1cio Lula da Silva (PT) foram corretas. Aqueles que acreditam que o petista foi injusti\u00e7ado somam 43%.<\/p>\n\n\n\n<p>Lula foi condenado por corrup\u00e7\u00e3o e lavagem de dinheiro em casos envolvendo o tr\u00edplex em Guaruj\u00e1 (SP), o s\u00edtio de Atibaia (SP) e o departamento de propinas da Odebrecht. Entretanto, o petista teve seus direitos pol\u00edticos recuperados e condena\u00e7\u00f5es anuladas pelo Supremo Tribunal Federal (STF), ap\u00f3s a Corte considerar que os processos n\u00e3o deveriam ter tramitado na Justi\u00e7a Federal do Paran\u00e1, mas sim na Justi\u00e7a do Distrito Federal.<\/p>\n\n\n\n<p>Pela decis\u00e3o, as a\u00e7\u00f5es deveriam voltar \u00e0 estaca zero e correrem novamente. Por\u00e9m, devido \u00e0 idade do ex-presidente, que tem 76 anos, os processos n\u00e3o teriam condi\u00e7\u00e3o de serem finalizados antes que prescrevessem. Assim, eles acabaram arquivados.<\/p>\n\n\n\n<p>Apesar de a pesquisa da Quaest ter apontado que grande parte dos eleitores acreditam que o petista \u00e9 culpado por seus crimes, ela tamb\u00e9m indicou vantagem na corrida eleitoral para Lula. Segundo o levantamento, ele teria 47% das inten\u00e7\u00f5es de voto ante 29% do presidente Jair Bolsonaro (PL). Ciro Gomes somaria 7%, enquanto Simone Tebet teria 1%. Tal como a emedebista, o coach Pablo Mar\u00e7al (PROS) possui 1%.<\/p>\n\n\n\n<p>O levantamento da Genial\/Quaest ouviu 2 mil pessoas com mais de 16 anos entre os dias 2 e 5 de junho em 27 estados.<\/p>\n","protected":false},"excerpt":{"rendered":"<p>Uma nova pesquisa divulgada pela Genial\/Quaest, nesta quarta-feira (8), apontou que 48% dos eleitores consideram que as condena\u00e7\u00f5es do ex-presidente Luiz In\u00e1cio Lula da Silva (PT) foram corretas. Aqueles que acreditam que o petista foi injusti\u00e7ado somam 43%. Lula foi condenado por corrup\u00e7\u00e3o e lavagem de dinheiro em casos envolvendo o tr\u00edplex em Guaruj\u00e1 (SP), [&hellip;]<\/p>\n","protected":false},"author":2,"featured_media":11425,"comment_status":"open","ping_status":"open","sticky":false,"template":"","format":"standard","meta":[],"categories":[4],"tags":[],"_links":{"self":[{"href":"https:\/\/dgospel.com.br\/portal\/index.php\/wp-json\/wp\/v2\/posts\/11424"}],"collection":[{"href":"https:\/\/dgospel.com.br\/portal\/index.php\/wp-json\/wp\/v2\/posts"}],"about":[{"href":"https:\/\/dgospel.com.br\/portal\/index.php\/wp-json\/wp\/v2\/types\/post"}],"author":[{"embeddable":true,"href":"https:\/\/dgospel.com.br\/portal\/index.php\/wp-json\/wp\/v2\/users\/2"}],"replies":[{"embeddable":true,"href":"https:\/\/dgospel.com.br\/portal\/index.php\/wp-json\/wp\/v2\/comments?post=11424"}],"version-history":[{"count":1,"href":"https:\/\/dgospel.com.br\/portal\/index.php\/wp-json\/wp\/v2\/posts\/11424\/revisions"}],"predecessor-version":[{"id":11426,"href":"https:\/\/dgospel.com.br\/portal\/index.php\/wp-json\/wp\/v2\/posts\/11424\/revisions\/11426"}],"wp:featuredmedia":[{"embeddable":true,"href":"https:\/\/dgospel.com.br\/portal\/index.php\/wp-json\/wp\/v2\/media\/11425"}],"wp:attachment":[{"href":"https:\/\/dgospel.com.br\/portal\/index.php\/wp-json\/wp\/v2\/media?parent=11424"}],"wp:term":[{"taxonomy":"category","embeddable":true,"href":"https:\/\/dgospel.com.br\/portal\/index.php\/wp-json\/wp\/v2\/categories?post=11424"},{"taxonomy":"post_tag","embeddable":true,"href":"https:\/\/dgospel.com.br\/portal\/index.php\/wp-json\/wp\/v2\/tags?post=11424"}],"curies":[{"name":"wp","href":"https:\/\/api.w.org\/{rel}","templated":true}]}}