{"id":11427,"date":"2022-06-10T16:14:47","date_gmt":"2022-06-10T19:14:47","guid":{"rendered":"http:\/\/dgospel.com.br\/portal\/?p=11427"},"modified":"2022-06-10T16:14:48","modified_gmt":"2022-06-10T19:14:48","slug":"biden-e-bolsonaro-falaram-em-apoiar-renovacao-democratica","status":"publish","type":"post","link":"https:\/\/dgospel.com.br\/portal\/index.php\/2022\/06\/10\/biden-e-bolsonaro-falaram-em-apoiar-renovacao-democratica\/","title":{"rendered":"Biden e Bolsonaro falaram em apoiar \u201crenova\u00e7\u00e3o democr\u00e1tica\u201d"},"content":{"rendered":"\n<p> Em nota divulgada ap\u00f3s a reuni\u00e3o entre os presidentes do Brasil, Jair Bolsonaro, e dos Estados Unidos, Joe Biden, a Casa Branca informou, de maneira gen\u00e9rica, que os l\u00edderes falaram em \u201capoiar a renova\u00e7\u00e3o democr\u00e1tica\u201d, sem citar se a conversa foi espec\u00edfica com o Brasil. <\/p>\n\n\n\n<p> O norte-americano, Joe Biden, fez da quest\u00e3o do apoio \u00e0 democracia uma pauta central no encontro. As notas escritas divulgadas pela Casa Branca ap\u00f3s bilaterais indicam o tom que Washington quer dar aos encontros de Biden. <\/p>\n\n\n\n<p>Ainda segundo o governo norte-americano, os EUA e Brasil tamb\u00e9m se comprometeram a \u201cseguir com colabora\u00e7\u00e3o cont\u00ednua em assuntos comerciais, inclusive, por meio do apoio dos EUA \u00e0 candidatura do Brasil \u00e0 OCDE\u201d.<\/p>\n\n\n\n<p>Washington tamb\u00e9m informou que Biden e Bolsonaro discutiram redu\u00e7\u00e3o de desmatamento na Amaz\u00f4nia, a coordena\u00e7\u00e3o no Conselho de Seguran\u00e7a da ONU a respeito da invas\u00e3o da Ucr\u00e2nia.<\/p>\n\n\n\n<p>A reuni\u00e3o bilateral com ministros dos dois pa\u00edses foi curta. Biden come\u00e7ou fazendo um&nbsp;<em>mea culpa<\/em>&nbsp;hist\u00f3rico e falou que os EUA h\u00e1 s\u00e9culos n\u00e3o se preocuparam em preservar suas florestas e falou que, atualmente, o pa\u00eds trabalha pela preserva\u00e7\u00e3o ambiental.<\/p>\n\n\n\n<p>O norte-americano seguiu com falas gen\u00e9ricas, segundo uma fonte, e falou de geopol\u00edtica mundial. J\u00e1 Bolsonaro, tamb\u00e9m segundo relatos, focou na agenda nacional e falou que a democracia brasileira n\u00e3o est\u00e1 em risco.<\/p>\n\n\n\n<p>Na reuni\u00e3o, o desaparecimento do jornalista brit\u00e2nico Dom Phillips e do indigenista Bruno Pereira n\u00e3o foi abordado.<\/p>\n\n\n\n<p>O ministro da Justi\u00e7a, Anderson Torres, no entanto, teve reuni\u00e3o com John Kerry, principal assessor de Biden para meio ambiente, e com diplomatas do Reino Unido. Todos pediram que o Brasil esgote as possibilidades na investiga\u00e7\u00e3o do caso.<\/p>\n\n\n\n<p>Depois de pouco mais de 20 minutos, Bolsonaro disse a Biden que gostaria de ter uma conversa reservada com o norte-americano. Ficaram na sala apenas os dois presidentes, o chanceler, Carlos Fran\u00e7a, o secret\u00e1rio de Estado dos EUA, Anthony Blinken, e os int\u00e9rpretes.<\/p>\n\n\n\n<p>O t\u00eate-\u00e0-t\u00eate tamb\u00e9m durou cerca de 20 minutos.<\/p>\n\n\n\n<p>*AE<\/p>\n","protected":false},"excerpt":{"rendered":"<p>Em nota divulgada ap\u00f3s a reuni\u00e3o entre os presidentes do Brasil, Jair Bolsonaro, e dos Estados Unidos, Joe Biden, a Casa Branca informou, de maneira gen\u00e9rica, que os l\u00edderes falaram em \u201capoiar a renova\u00e7\u00e3o democr\u00e1tica\u201d, sem citar se a conversa foi espec\u00edfica com o Brasil. O norte-americano, Joe Biden, fez da quest\u00e3o do apoio \u00e0 [&hellip;]<\/p>\n","protected":false},"author":2,"featured_media":11428,"comment_status":"open","ping_status":"open","sticky":false,"template":"","format":"standard","meta":[],"categories":[4],"tags":[],"_links":{"self":[{"href":"https:\/\/dgospel.com.br\/portal\/index.php\/wp-json\/wp\/v2\/posts\/11427"}],"collection":[{"href":"https:\/\/dgospel.com.br\/portal\/index.php\/wp-json\/wp\/v2\/posts"}],"about":[{"href":"https:\/\/dgospel.com.br\/portal\/index.php\/wp-json\/wp\/v2\/types\/post"}],"author":[{"embeddable":true,"href":"https:\/\/dgospel.com.br\/portal\/index.php\/wp-json\/wp\/v2\/users\/2"}],"replies":[{"embeddable":true,"href":"https:\/\/dgospel.com.br\/portal\/index.php\/wp-json\/wp\/v2\/comments?post=11427"}],"version-history":[{"count":1,"href":"https:\/\/dgospel.com.br\/portal\/index.php\/wp-json\/wp\/v2\/posts\/11427\/revisions"}],"predecessor-version":[{"id":11429,"href":"https:\/\/dgospel.com.br\/portal\/index.php\/wp-json\/wp\/v2\/posts\/11427\/revisions\/11429"}],"wp:featuredmedia":[{"embeddable":true,"href":"https:\/\/dgospel.com.br\/portal\/index.php\/wp-json\/wp\/v2\/media\/11428"}],"wp:attachment":[{"href":"https:\/\/dgospel.com.br\/portal\/index.php\/wp-json\/wp\/v2\/media?parent=11427"}],"wp:term":[{"taxonomy":"category","embeddable":true,"href":"https:\/\/dgospel.com.br\/portal\/index.php\/wp-json\/wp\/v2\/categories?post=11427"},{"taxonomy":"post_tag","embeddable":true,"href":"https:\/\/dgospel.com.br\/portal\/index.php\/wp-json\/wp\/v2\/tags?post=11427"}],"curies":[{"name":"wp","href":"https:\/\/api.w.org\/{rel}","templated":true}]}}