{"id":11430,"date":"2022-06-10T16:18:13","date_gmt":"2022-06-10T19:18:13","guid":{"rendered":"http:\/\/dgospel.com.br\/portal\/?p=11430"},"modified":"2022-06-10T16:18:14","modified_gmt":"2022-06-10T19:18:14","slug":"amazonia-e-eleicoes-marcam-encontro-de-biden-e-bolsonaro","status":"publish","type":"post","link":"https:\/\/dgospel.com.br\/portal\/index.php\/2022\/06\/10\/amazonia-e-eleicoes-marcam-encontro-de-biden-e-bolsonaro\/","title":{"rendered":"Amaz\u00f4nia e elei\u00e7\u00f5es marcam encontro de Biden e Bolsonaro"},"content":{"rendered":"\n<p>Os presidentes do Brasil,&nbsp;<a href=\"http:\/\/pleno.news\/tag\/jair-bolsonaro\" target=\"_blank\" rel=\"noreferrer noopener\">Jair Bolsonaro<\/a>, e dos Estados Unidos,&nbsp;<a href=\"http:\/\/pleno.news\/tag\/joe-biden\" target=\"_blank\" rel=\"noreferrer noopener\">Joe Biden<\/a>, falaram sobre Amaz\u00f4nia e sobre o processo eleitoral brasileiro no primeiro encontro bilateral de ambos, ocorrido nesta quinta-feira (9) no \u00e2mbito da 9\u00aa C\u00fapula das Am\u00e9ricas.<\/p>\n\n\n\n<p>A conserva\u00e7\u00e3o do meio ambiente foi um dos temas centrais da breve declara\u00e7\u00e3o de ambos os l\u00edderes. Biden reconheceu que o Brasil fez \u201cverdadeiros sacrif\u00edcios\u201d para proteger a Amaz\u00f4nia, mas ao mesmo tempo afirmou perante Bolsonaro que a comunidade internacional \u201cdeveria poder ajudar\u201d o Brasil a \u201cpreservar o m\u00e1ximo que puder\u201d a maior floresta tropical do planeta.<\/p>\n\n\n\n<figure class=\"wp-block-image\"><img src=\"https:\/\/static.cdn.pleno.news\/2022\/06\/52135428558_4eb3719e8c_k-e1654858299643-1024x612.jpg\" alt=\"\" class=\"wp-image-960048\"\/><\/figure>\n\n\n\n<p>Presidentes Joe Biden e Jair Bolsonaro se encontraram em Los Angeles\u00a0Foto: PR\/Alan Santos <\/p>\n\n\n\n<p>Bolsonaro, por sua vez, exaltou a pol\u00edtica ambiental do Brasil, afirmou que o pa\u00eds \u201cpreserva muito bem o seu territ\u00f3rio\u201d, ressaltou que o Brasil \u201c\u00e9 um exemplo para o mundo\u201d nessa \u00e1rea e que a legisla\u00e7\u00e3o ambiental brasileira \u00e9 \u201cbastante r\u00edgida\u201d.<\/p>\n\n\n\n<p>\u2013 Fazemos o poss\u00edvel para o bem do nosso pa\u00eds (\u2026). Na quest\u00e3o ambiental temos nossas dificuldades, mas fazemos o poss\u00edvel para atender nossos interesses \u2013 declarou.<\/p>\n\n\n\n<p>Com Biden a poucos metros de dist\u00e2ncia, Bolsonaro, que disputar\u00e1 a reelei\u00e7\u00e3o em outubro, falou tamb\u00e9m sobre as elei\u00e7\u00f5es presidenciais brasileiras. O chefe do Executivo ressaltou que sua inten\u00e7\u00e3o \u00e9 que se tenha \u201celei\u00e7\u00f5es limpas, confi\u00e1veis \u200b\u200be audit\u00e1veis \u200b\u200bpara que n\u00e3o reste nenhuma d\u00favida ap\u00f3s o pleito\u201d.<\/p>\n\n\n\n<p>\u2013 Cheguei pela democracia e tenho certeza de que, quando deixar o governo, tamb\u00e9m ser\u00e1 de forma democr\u00e1tica \u2013 refor\u00e7ou.<\/p>\n\n\n\n<p>Nesta sexta (10), Bolsonaro deve participar da segunda sess\u00e3o plen\u00e1ria da C\u00fapula das Am\u00e9ricas e, no mesmo dia, deve viajar a Orlando, na Fl\u00f3rida, para inaugurar um novo escrit\u00f3rio consular brasileiro.<\/p>\n\n\n\n<p>*Com informa\u00e7\u00f5es EFE<\/p>\n","protected":false},"excerpt":{"rendered":"<p>Os presidentes do Brasil,&nbsp;Jair Bolsonaro, e dos Estados Unidos,&nbsp;Joe Biden, falaram sobre Amaz\u00f4nia e sobre o processo eleitoral brasileiro no primeiro encontro bilateral de ambos, ocorrido nesta quinta-feira (9) no \u00e2mbito da 9\u00aa C\u00fapula das Am\u00e9ricas. A conserva\u00e7\u00e3o do meio ambiente foi um dos temas centrais da breve declara\u00e7\u00e3o de ambos os l\u00edderes. Biden reconheceu [&hellip;]<\/p>\n","protected":false},"author":2,"featured_media":11431,"comment_status":"open","ping_status":"open","sticky":false,"template":"","format":"standard","meta":[],"categories":[4],"tags":[],"_links":{"self":[{"href":"https:\/\/dgospel.com.br\/portal\/index.php\/wp-json\/wp\/v2\/posts\/11430"}],"collection":[{"href":"https:\/\/dgospel.com.br\/portal\/index.php\/wp-json\/wp\/v2\/posts"}],"about":[{"href":"https:\/\/dgospel.com.br\/portal\/index.php\/wp-json\/wp\/v2\/types\/post"}],"author":[{"embeddable":true,"href":"https:\/\/dgospel.com.br\/portal\/index.php\/wp-json\/wp\/v2\/users\/2"}],"replies":[{"embeddable":true,"href":"https:\/\/dgospel.com.br\/portal\/index.php\/wp-json\/wp\/v2\/comments?post=11430"}],"version-history":[{"count":1,"href":"https:\/\/dgospel.com.br\/portal\/index.php\/wp-json\/wp\/v2\/posts\/11430\/revisions"}],"predecessor-version":[{"id":11432,"href":"https:\/\/dgospel.com.br\/portal\/index.php\/wp-json\/wp\/v2\/posts\/11430\/revisions\/11432"}],"wp:featuredmedia":[{"embeddable":true,"href":"https:\/\/dgospel.com.br\/portal\/index.php\/wp-json\/wp\/v2\/media\/11431"}],"wp:attachment":[{"href":"https:\/\/dgospel.com.br\/portal\/index.php\/wp-json\/wp\/v2\/media?parent=11430"}],"wp:term":[{"taxonomy":"category","embeddable":true,"href":"https:\/\/dgospel.com.br\/portal\/index.php\/wp-json\/wp\/v2\/categories?post=11430"},{"taxonomy":"post_tag","embeddable":true,"href":"https:\/\/dgospel.com.br\/portal\/index.php\/wp-json\/wp\/v2\/tags?post=11430"}],"curies":[{"name":"wp","href":"https:\/\/api.w.org\/{rel}","templated":true}]}}