{"id":11433,"date":"2022-06-10T16:25:57","date_gmt":"2022-06-10T19:25:57","guid":{"rendered":"http:\/\/dgospel.com.br\/portal\/?p=11433"},"modified":"2022-06-10T16:25:58","modified_gmt":"2022-06-10T19:25:58","slug":"bolsonaro-sobre-biden-posso-dizer-que-estou-maravilhado","status":"publish","type":"post","link":"https:\/\/dgospel.com.br\/portal\/index.php\/2022\/06\/10\/bolsonaro-sobre-biden-posso-dizer-que-estou-maravilhado\/","title":{"rendered":"Bolsonaro sobre Biden: \u201cPosso dizer que estou maravilhado\u201d"},"content":{"rendered":"\n<p>O presidente Jair Bolsonaro (PL) falou com positividade sobre seu encontro com o presidente dos Estados Unidos, Joe Biden, na C\u00fapula das Am\u00e9ricas, nesta quinta-feira (9). O chefe do Executivo chegou a dizer que ficou \u201cmaravilhado\u201d com o norte-americano.<\/p>\n\n\n\n<p>\u2013 Foi excepcional, estou muito feliz. Posso dizer que estou maravilhado com ele. N\u00e3o estou errando em falar dessa maneira. Ficamos quase meia hora conversando reservadamente \u2013 disse o presidente \u00e0 imprensa ao retornar para o hotel em que est\u00e1 hospedado, em Los Angeles.<\/p>\n\n\n\n<figure class=\"wp-block-image\"><img src=\"https:\/\/static.cdn.pleno.news\/2022\/06\/52135648039_c8ba3b604f_k-1024x683.jpg\" alt=\"\" class=\"wp-image-960186\"\/><\/figure>\n\n\n\n<p>Presidentes Joe Biden e Jair Bolsonaro\u00a0Foto: Alan Santos\/PR<\/p>\n\n\n\n<p>De acordo com Bolsonaro, a reuni\u00e3o com o democrata foi extremamente proveitosa.<\/p>\n\n\n\n<p>\u2013 Falamos abertamente sobre a Amaz\u00f4nia, depois reservadamente, [ele] concorda conosco. Ela \u00e9 muito grande. O Brasil \u00e9 um exemplo para a preserva\u00e7\u00e3o ambiental do mundo todo. Temos pela frente a quest\u00e3o de energia limpa, como a e\u00f3lica \u2013 declarou.<\/p>\n\n\n\n<p>A conversa reservada entre os chefes de Estado durou cerca de 20 minutos e tamb\u00e9m teve a presen\u00e7a do chanceler Carlos Fran\u00e7a, o secret\u00e1rio de Estado dos EUA, Anthony Blinken, e os int\u00e9rpretes.<\/p>\n\n\n\n<p> <\/p>\n","protected":false},"excerpt":{"rendered":"<p>O presidente Jair Bolsonaro (PL) falou com positividade sobre seu encontro com o presidente dos Estados Unidos, Joe Biden, na C\u00fapula das Am\u00e9ricas, nesta quinta-feira (9). O chefe do Executivo chegou a dizer que ficou \u201cmaravilhado\u201d com o norte-americano. \u2013 Foi excepcional, estou muito feliz. Posso dizer que estou maravilhado com ele. N\u00e3o estou errando [&hellip;]<\/p>\n","protected":false},"author":2,"featured_media":11434,"comment_status":"open","ping_status":"open","sticky":false,"template":"","format":"standard","meta":[],"categories":[4],"tags":[],"_links":{"self":[{"href":"https:\/\/dgospel.com.br\/portal\/index.php\/wp-json\/wp\/v2\/posts\/11433"}],"collection":[{"href":"https:\/\/dgospel.com.br\/portal\/index.php\/wp-json\/wp\/v2\/posts"}],"about":[{"href":"https:\/\/dgospel.com.br\/portal\/index.php\/wp-json\/wp\/v2\/types\/post"}],"author":[{"embeddable":true,"href":"https:\/\/dgospel.com.br\/portal\/index.php\/wp-json\/wp\/v2\/users\/2"}],"replies":[{"embeddable":true,"href":"https:\/\/dgospel.com.br\/portal\/index.php\/wp-json\/wp\/v2\/comments?post=11433"}],"version-history":[{"count":1,"href":"https:\/\/dgospel.com.br\/portal\/index.php\/wp-json\/wp\/v2\/posts\/11433\/revisions"}],"predecessor-version":[{"id":11435,"href":"https:\/\/dgospel.com.br\/portal\/index.php\/wp-json\/wp\/v2\/posts\/11433\/revisions\/11435"}],"wp:featuredmedia":[{"embeddable":true,"href":"https:\/\/dgospel.com.br\/portal\/index.php\/wp-json\/wp\/v2\/media\/11434"}],"wp:attachment":[{"href":"https:\/\/dgospel.com.br\/portal\/index.php\/wp-json\/wp\/v2\/media?parent=11433"}],"wp:term":[{"taxonomy":"category","embeddable":true,"href":"https:\/\/dgospel.com.br\/portal\/index.php\/wp-json\/wp\/v2\/categories?post=11433"},{"taxonomy":"post_tag","embeddable":true,"href":"https:\/\/dgospel.com.br\/portal\/index.php\/wp-json\/wp\/v2\/tags?post=11433"}],"curies":[{"name":"wp","href":"https:\/\/api.w.org\/{rel}","templated":true}]}}