{"id":11439,"date":"2022-06-10T23:22:34","date_gmt":"2022-06-11T02:22:34","guid":{"rendered":"http:\/\/dgospel.com.br\/portal\/?p=11439"},"modified":"2022-06-10T23:22:35","modified_gmt":"2022-06-11T02:22:35","slug":"coimadetins-realiza-13a-escola-biblica-de-obreiros-e-15a-assembleia-geral-ordinaria-em-palmas","status":"publish","type":"post","link":"https:\/\/dgospel.com.br\/portal\/index.php\/2022\/06\/10\/coimadetins-realiza-13a-escola-biblica-de-obreiros-e-15a-assembleia-geral-ordinaria-em-palmas\/","title":{"rendered":"COIMADETINS realiza 13\u00aa Escola B\u00edblica de Obreiros e 15\u00aa Assembleia Geral Ordin\u00e1ria em Palmas"},"content":{"rendered":"\n<p>&nbsp;Coimadetins\n(Conven\u00e7\u00e3o de Igrejas e Ministros das Assembleias de Deus em Tocantins),\nliderada pelo pastor Claudemir Lopes, realiza a abertura da 15\u00aa Assembleia\nGeral Ordin\u00e1ria (AGO) e a 13\u00aa Escola B\u00edblica de Obreiros (EBO). <\/p>\n\n\n\n<p>O evento iniciou nesta sexta-feira, 10, e se encerrar\u00e1 no pr\u00f3ximo\ndomingo, 12, e reune ministros e fi\u00e9is da conven\u00e7\u00e3o no Tocantins e de estados\nvizinhos.<\/p>\n\n\n\n<p>a escola est\u00e1 sendo realizada no templo sede da Assembleia\nde Deus Miss\u00e3o, na 804 Sul, Alameda 11 Lote Ai 9C, SN, Centro.<\/p>\n\n\n\n<p>Segundo o Presidente da Conven\u00e7\u00e3o, Pr. Claudemir Lopes, a\nescola est\u00e1 sendo uma ben\u00e7\u00e3o na vida dos convencionais e de todas as igrejas\nfiliadas. \u201cA cada ano nos fortalecemos mais e somos renovados pelo Poder do\nEsp\u00edrito Santo\u201d, afirmou o pastor.<\/p>\n\n\n\n<p>Programa\u00e7\u00e3o<\/p>\n\n\n\n<p>10\/06 \u00e0s 14H \u2013 Abertura para inscri\u00e7\u00f5es dos convencionais<\/p>\n\n\n\n<p>10\/06 \u00e0s 19h30min \u2013 Culto Convencional de Abertura<\/p>\n\n\n\n<p>11\/06&nbsp; \u00e0s 10H \u2013 Estudo\nB\u00edblico para convencionais<\/p>\n\n\n\n<p>11\/06&nbsp; \u00e0s 14H \u2013 Estudo\nB\u00edblico para convencionais&nbsp;&nbsp;&nbsp;&nbsp;&nbsp;&nbsp;&nbsp;&nbsp;&nbsp;&nbsp;&nbsp;&nbsp;&nbsp;&nbsp;&nbsp;&nbsp;&nbsp;&nbsp;&nbsp;&nbsp;&nbsp;&nbsp;&nbsp;&nbsp;&nbsp;&nbsp;&nbsp;&nbsp;&nbsp;&nbsp;&nbsp;&nbsp;&nbsp;&nbsp;&nbsp;&nbsp;&nbsp;&nbsp;\n11\/06&nbsp; \u00e0s 15H \u2013 Evento com jovens\nna Sub-sede 1203 sul<\/p>\n\n\n\n<p>11\/06&nbsp; \u00e0s 19h30min \u2013\nCulto Convencional<\/p>\n\n\n\n<p>12\/06 \u00e0s 08h30min \u2013 Estudo B\u00edblico, recebimento de novos\ncampos, consagra\u00e7\u00e3o ao cargo de evangelista, ordena\u00e7\u00e3o de pastores e\nrecebimento de novos ministros filiados a Coimadetins.<\/p>\n\n\n\n<p>12\/06 \u00e0s 12H \u2013 Encerramento<\/p>\n\n\n\n<p>A Conven\u00e7\u00e3o aproveitar\u00e1 o momento para celebrar os 111 anos\ndas Assembleia de Deus no Brasil.<\/p>\n\n\n\n<p>Entre os preletores confirmados est\u00e3o o pastor Derisvaldo\nBezerra e o pastor Joary Jossu\u00e9. Os cantores Silvan Santos e Samuel Matos\nestar\u00e3o ministrando o louvor.<\/p>\n\n\n\n<p><strong>Hist\u00f3ria<\/strong><\/p>\n\n\n\n<p>A Coimadetins \u00e9 uma conven\u00e7\u00e3o evang\u00e9lica do estado\ntocantinense filiada \u00e0 Conven\u00e7\u00e3o Geral das Assembleias de Deus no Brasil\n(CGADB).<\/p>\n\n\n\n<p>Foi fundada no dia 09 de fevereiro de 2009, em Palmas \u2013\nTocantins, com a participa\u00e7\u00e3o de 30 ministros. Ap\u00f3s 12 anos, a institui\u00e7\u00e3o\nconta com cerca de 400 ministros filiados e mais de 200 templos.<\/p>\n\n\n\n<p>Focada em um trabalho mission\u00e1rio, a conven\u00e7\u00e3o destaca-se\npelo fervor evangel\u00edstico implantado pela sua Mesa Diretora, que\nconsequentemente trouxe dezenas de igrejas implantadas nos \u00faltimos anos em todo\no Tocantins.<\/p>\n\n\n\n<p>Por: Presb\u00edtero Fernando Lucas \u2013 Comunica\u00e7\u00e3o COIMADETINS<\/p>\n","protected":false},"excerpt":{"rendered":"<p>&nbsp;Coimadetins (Conven\u00e7\u00e3o de Igrejas e Ministros das Assembleias de Deus em Tocantins), liderada pelo pastor Claudemir Lopes, realiza a abertura da 15\u00aa Assembleia Geral Ordin\u00e1ria (AGO) e a 13\u00aa Escola B\u00edblica de Obreiros (EBO). O evento iniciou nesta sexta-feira, 10, e se encerrar\u00e1 no pr\u00f3ximo domingo, 12, e reune ministros e fi\u00e9is da conven\u00e7\u00e3o no [&hellip;]<\/p>\n","protected":false},"author":2,"featured_media":11440,"comment_status":"open","ping_status":"open","sticky":false,"template":"","format":"standard","meta":[],"categories":[5],"tags":[],"_links":{"self":[{"href":"https:\/\/dgospel.com.br\/portal\/index.php\/wp-json\/wp\/v2\/posts\/11439"}],"collection":[{"href":"https:\/\/dgospel.com.br\/portal\/index.php\/wp-json\/wp\/v2\/posts"}],"about":[{"href":"https:\/\/dgospel.com.br\/portal\/index.php\/wp-json\/wp\/v2\/types\/post"}],"author":[{"embeddable":true,"href":"https:\/\/dgospel.com.br\/portal\/index.php\/wp-json\/wp\/v2\/users\/2"}],"replies":[{"embeddable":true,"href":"https:\/\/dgospel.com.br\/portal\/index.php\/wp-json\/wp\/v2\/comments?post=11439"}],"version-history":[{"count":1,"href":"https:\/\/dgospel.com.br\/portal\/index.php\/wp-json\/wp\/v2\/posts\/11439\/revisions"}],"predecessor-version":[{"id":11441,"href":"https:\/\/dgospel.com.br\/portal\/index.php\/wp-json\/wp\/v2\/posts\/11439\/revisions\/11441"}],"wp:featuredmedia":[{"embeddable":true,"href":"https:\/\/dgospel.com.br\/portal\/index.php\/wp-json\/wp\/v2\/media\/11440"}],"wp:attachment":[{"href":"https:\/\/dgospel.com.br\/portal\/index.php\/wp-json\/wp\/v2\/media?parent=11439"}],"wp:term":[{"taxonomy":"category","embeddable":true,"href":"https:\/\/dgospel.com.br\/portal\/index.php\/wp-json\/wp\/v2\/categories?post=11439"},{"taxonomy":"post_tag","embeddable":true,"href":"https:\/\/dgospel.com.br\/portal\/index.php\/wp-json\/wp\/v2\/tags?post=11439"}],"curies":[{"name":"wp","href":"https:\/\/api.w.org\/{rel}","templated":true}]}}