{"id":11445,"date":"2022-06-13T08:02:10","date_gmt":"2022-06-13T11:02:10","guid":{"rendered":"http:\/\/dgospel.com.br\/portal\/?p=11445"},"modified":"2022-06-13T08:02:12","modified_gmt":"2022-06-13T11:02:12","slug":"bruna-karla-rejeita-convites-para-cantar-em-igrejas-lgbt-nao-compactuo","status":"publish","type":"post","link":"https:\/\/dgospel.com.br\/portal\/index.php\/2022\/06\/13\/bruna-karla-rejeita-convites-para-cantar-em-igrejas-lgbt-nao-compactuo\/","title":{"rendered":"Bruna Karla rejeita convites para cantar em \u2018igrejas\u2019 LGBT: \u2018N\u00e3o compactuo\u2019"},"content":{"rendered":"\n<p> O posicionamento firme da cantora Bruna Karla em rela\u00e7\u00e3o \u00e0 teologia inclusiva, abra\u00e7ada por agrupamentos que se identificam como \u2018igrejas LGBT\u2019, se tornou viral em um recorte de sua entrevista \u00e0\u00a0<em>podcaster<\/em>\u00a0e atriz Karina Bacchi. <\/p>\n\n\n\n<p>\u201cAs pessoas t\u00eam mania de pegar a Palavra, e pegar os pontos que agradam, sabe? Os pontos que conv\u00e9m. \u2018Me conv\u00e9m isso aqui, ent\u00e3o vou pegar esse ponto isolado do vers\u00edculo e vou viver isso aqui\u2019. Se esquecem que a Palavra \u00e9 toda, para ser vivida\u201d, introduziu a cantora.<\/p>\n\n\n\n<p>Na participa\u00e7\u00e3o de dezembro de 2021 no&nbsp;<a target=\"_blank\" href=\"https:\/\/www.youtube.com\/watch?v=dkeGMYNyUts\" rel=\"noreferrer noopener\"><em>Positivamente Podcast<\/em><\/a>, Bruna Karla enfatizou que cr\u00ea que \u201cDeus vai pedir conta \u00e0s pessoas que est\u00e3o \u00e0 frente dessas igrejas [inclusivas] porque est\u00e3o levando todo um povo a viver uma vida completamente contr\u00e1ria\u201d.<\/p>\n\n\n\n<p>\u201cA Palavra de Deus \u00e9 muito clara. A Palavra diz que a porta \u00e9 estreita. N\u00e3o \u00e9 sobre viver as minhas vontades, n\u00e3o \u00e9 sobre viver os meus desejos. N\u00e3o \u00e9 uma porta enorme, larga, que eu fa\u00e7o o que eu quiser no Evangelho, que eu visto a roupa que eu quiser, que eu vivo \u00e0 maneira que eu quiser, falo o que quiser\u2026 n\u00e3o \u00e9 oba-oba\u201d, conceituou.<\/p>\n\n\n\n\n\n<p>A cultura do cancelamento n\u00e3o a amedronta: \u201cEst\u00e1 escrito que por amor ao Senhor n\u00f3s ser\u00edamos odiados. Essa \u00e9 a verdade. Por amor ao Senhor n\u00f3s ser\u00edamos entregues \u00e0 morte todos os dias\u201d.<\/p>\n\n\n\n<p>Essa n\u00e3o \u00e9 a primeira vez que uma artista de m\u00fasica gospel se posiciona de forma contundente sobre o assunto: em 2018,&nbsp;<a href=\"https:\/\/noticias.gospelmais.com.br\/entrevista-aline-barros-biblia-homossexualidade-96661.html\"><strong>Aline Barros afirmou<\/strong><\/a>&nbsp;na&nbsp;<em>RedeTV!<\/em>&nbsp;que \u201cDeus criou o homem e a mulher e, em Sua plenitude, pensou na estrutura de fam\u00edlia para que o homem pudesse se unir a mulher, os dois fossem uma s\u00f3 carne e pudessem se multiplicar e encher a Terra\u201d.<\/p>\n\n\n\n<h2>Transforma\u00e7\u00e3o<\/h2>\n\n\n\n<p>\u201cEu sou completamente contra essas igrejas. Me perguntaram um dia se eu iria cantar, eu falei \u2018n\u00e3o vou, n\u00e3o canto, n\u00e3o vou compactuar com algo que est\u00e1 completamente fora dos princ\u00edpios\u2019. O que o Senhor tem para cada um de n\u00f3s \u00e9 uma vida transformada\u201d, acrescentou Bruna Karla.<\/p>\n\n\n\n<p>Karina Bacchi comentou, em seguida, que a mensagem de abandono do erro n\u00e3o \u00e9 algo que o Evangelho reserve aos n\u00e3o-crentes, mas sim um lembrete constante que os pr\u00f3prios crist\u00e3os precisam consultar em todos os momentos:<\/p>\n\n\n\n\n\n<p>\u201cN\u00e3o s\u00e3o s\u00f3 essas pessoas que precisam ser confrontadas, todos n\u00f3s precisamos nos confrontar, confrontar nossas vontades, nossos h\u00e1bitos, a nossa carne, todos os dias. Todos n\u00f3s temos lutas, s\u00f3 que enquanto a gente n\u00e3o abrir m\u00e3o dessas nossas pr\u00f3prias vontades, a gente n\u00e3o vai viver o melhor que est\u00e1 por vir\u201d, pontuou.<\/p>\n\n\n\n<p>Bruna Karla concordou: \u201cN\u00e3o \u00e9 sobre s\u00f3 homossexualismo. S\u00e3o v\u00edcios, s\u00e3o desejos, pensamentos que o ser humano luta diariamente contra. \u00c9 uma luta di\u00e1ria, e voc\u00ea abrir m\u00e3o [\u2026] viver o que o Senhor quer. O Evangelho n\u00e3o \u00e9 sobre mim, n\u00e3o \u00e9 sobre as minhas vontades, o Evangelho \u00e9 sobre a Palavra, \u00e9 sobre Jesus, sobre quem \u00e9 Jesus e o que Ele quer para a minha vida, atrav\u00e9s da minha vida\u201d.<\/p>\n\n\n\n<figure class=\"wp-block-embed-youtube wp-block-embed is-type-video is-provider-youtube wp-embed-aspect-16-9 wp-has-aspect-ratio\"><div class=\"wp-block-embed__wrapper\">\n<iframe loading=\"lazy\" title=\"&quot;N\u00c3O VOU L\u00c1, N\u00c3O CANTO L\u00c1, N\u00c3O COMPACTUO&quot; Bruna Karla e Karina Bacchi no Positivamente Podcast\" width=\"630\" height=\"354\" src=\"https:\/\/www.youtube.com\/embed\/85hWDQL8E8U?start=14&#038;feature=oembed\" frameborder=\"0\" allow=\"accelerometer; autoplay; clipboard-write; encrypted-media; gyroscope; picture-in-picture\" allowfullscreen><\/iframe>\n<\/div><\/figure>\n","protected":false},"excerpt":{"rendered":"<p>O posicionamento firme da cantora Bruna Karla em rela\u00e7\u00e3o \u00e0 teologia inclusiva, abra\u00e7ada por agrupamentos que se identificam como \u2018igrejas LGBT\u2019, se tornou viral em um recorte de sua entrevista \u00e0\u00a0podcaster\u00a0e atriz Karina Bacchi. \u201cAs pessoas t\u00eam mania de pegar a Palavra, e pegar os pontos que agradam, sabe? Os pontos que conv\u00e9m. \u2018Me conv\u00e9m [&hellip;]<\/p>\n","protected":false},"author":2,"featured_media":11446,"comment_status":"open","ping_status":"open","sticky":false,"template":"","format":"standard","meta":[],"categories":[17,5],"tags":[],"_links":{"self":[{"href":"https:\/\/dgospel.com.br\/portal\/index.php\/wp-json\/wp\/v2\/posts\/11445"}],"collection":[{"href":"https:\/\/dgospel.com.br\/portal\/index.php\/wp-json\/wp\/v2\/posts"}],"about":[{"href":"https:\/\/dgospel.com.br\/portal\/index.php\/wp-json\/wp\/v2\/types\/post"}],"author":[{"embeddable":true,"href":"https:\/\/dgospel.com.br\/portal\/index.php\/wp-json\/wp\/v2\/users\/2"}],"replies":[{"embeddable":true,"href":"https:\/\/dgospel.com.br\/portal\/index.php\/wp-json\/wp\/v2\/comments?post=11445"}],"version-history":[{"count":1,"href":"https:\/\/dgospel.com.br\/portal\/index.php\/wp-json\/wp\/v2\/posts\/11445\/revisions"}],"predecessor-version":[{"id":11447,"href":"https:\/\/dgospel.com.br\/portal\/index.php\/wp-json\/wp\/v2\/posts\/11445\/revisions\/11447"}],"wp:featuredmedia":[{"embeddable":true,"href":"https:\/\/dgospel.com.br\/portal\/index.php\/wp-json\/wp\/v2\/media\/11446"}],"wp:attachment":[{"href":"https:\/\/dgospel.com.br\/portal\/index.php\/wp-json\/wp\/v2\/media?parent=11445"}],"wp:term":[{"taxonomy":"category","embeddable":true,"href":"https:\/\/dgospel.com.br\/portal\/index.php\/wp-json\/wp\/v2\/categories?post=11445"},{"taxonomy":"post_tag","embeddable":true,"href":"https:\/\/dgospel.com.br\/portal\/index.php\/wp-json\/wp\/v2\/tags?post=11445"}],"curies":[{"name":"wp","href":"https:\/\/api.w.org\/{rel}","templated":true}]}}