{"id":11457,"date":"2022-06-13T08:31:38","date_gmt":"2022-06-13T11:31:38","guid":{"rendered":"http:\/\/dgospel.com.br\/portal\/?p=11457"},"modified":"2022-06-13T08:31:40","modified_gmt":"2022-06-13T11:31:40","slug":"rivaldo-almoca-com-bolsonaro-e-elogia-o-presidente-privilegio","status":"publish","type":"post","link":"https:\/\/dgospel.com.br\/portal\/index.php\/2022\/06\/13\/rivaldo-almoca-com-bolsonaro-e-elogia-o-presidente-privilegio\/","title":{"rendered":"Rivaldo almo\u00e7a com Bolsonaro e elogia o presidente: \u201cPrivil\u00e9gio\u201d"},"content":{"rendered":"\n<p> Neste s\u00e1bado (11), o ex-jogador de futebol Rivaldo compartilhou, em suas redes sociais, uma foto ao lado de Jair Bolsonaro. O ex-atleta disse que foi um privil\u00e9gio almo\u00e7ar com o presidente. <\/p>\n\n\n\n<p> \u2013 Que privil\u00e9gio almo\u00e7ar ao lado do presidente Jair Bolsonaro. Que Deus continue aben\u00e7oando sua vida cada dia mais \u2013 ressaltou. <\/p>\n\n\n\n<p>Bolsonaro ent\u00e3o chamou o ex-atleta de \u201cum dos maiores jogadores da hist\u00f3ria do futebol\u201d.<\/p>\n\n\n\n<p>\u2013 A satisfa\u00e7\u00e3o \u00e9 minha de estar com um dos maiores jogadores da hist\u00f3ria do futebol mundial. Um forte abra\u00e7o, Campe\u00e3o! \u2013 destacou.<\/p>\n\n\n\n<figure class=\"wp-block-image\"><img src=\"https:\/\/static.cdn.pleno.news\/2022\/06\/Riv.png\" alt=\"\" class=\"wp-image-960684\"\/><\/figure>\n\n\n\n<p><br><\/p>\n","protected":false},"excerpt":{"rendered":"<p>Neste s\u00e1bado (11), o ex-jogador de futebol Rivaldo compartilhou, em suas redes sociais, uma foto ao lado de Jair Bolsonaro. O ex-atleta disse que foi um privil\u00e9gio almo\u00e7ar com o presidente. \u2013 Que privil\u00e9gio almo\u00e7ar ao lado do presidente Jair Bolsonaro. Que Deus continue aben\u00e7oando sua vida cada dia mais \u2013 ressaltou. Bolsonaro ent\u00e3o chamou [&hellip;]<\/p>\n","protected":false},"author":2,"featured_media":11458,"comment_status":"open","ping_status":"open","sticky":false,"template":"","format":"standard","meta":[],"categories":[4],"tags":[],"_links":{"self":[{"href":"https:\/\/dgospel.com.br\/portal\/index.php\/wp-json\/wp\/v2\/posts\/11457"}],"collection":[{"href":"https:\/\/dgospel.com.br\/portal\/index.php\/wp-json\/wp\/v2\/posts"}],"about":[{"href":"https:\/\/dgospel.com.br\/portal\/index.php\/wp-json\/wp\/v2\/types\/post"}],"author":[{"embeddable":true,"href":"https:\/\/dgospel.com.br\/portal\/index.php\/wp-json\/wp\/v2\/users\/2"}],"replies":[{"embeddable":true,"href":"https:\/\/dgospel.com.br\/portal\/index.php\/wp-json\/wp\/v2\/comments?post=11457"}],"version-history":[{"count":1,"href":"https:\/\/dgospel.com.br\/portal\/index.php\/wp-json\/wp\/v2\/posts\/11457\/revisions"}],"predecessor-version":[{"id":11459,"href":"https:\/\/dgospel.com.br\/portal\/index.php\/wp-json\/wp\/v2\/posts\/11457\/revisions\/11459"}],"wp:featuredmedia":[{"embeddable":true,"href":"https:\/\/dgospel.com.br\/portal\/index.php\/wp-json\/wp\/v2\/media\/11458"}],"wp:attachment":[{"href":"https:\/\/dgospel.com.br\/portal\/index.php\/wp-json\/wp\/v2\/media?parent=11457"}],"wp:term":[{"taxonomy":"category","embeddable":true,"href":"https:\/\/dgospel.com.br\/portal\/index.php\/wp-json\/wp\/v2\/categories?post=11457"},{"taxonomy":"post_tag","embeddable":true,"href":"https:\/\/dgospel.com.br\/portal\/index.php\/wp-json\/wp\/v2\/tags?post=11457"}],"curies":[{"name":"wp","href":"https:\/\/api.w.org\/{rel}","templated":true}]}}