{"id":1146,"date":"2018-08-30T15:38:02","date_gmt":"2018-08-30T18:38:02","guid":{"rendered":"http:\/\/dgospel.com.br\/portal\/?p=1146"},"modified":"2018-08-30T15:38:02","modified_gmt":"2018-08-30T18:38:02","slug":"amastha-firma-compromisso-e-tem-apoio-reforcado-de-ex-vereadores-de-itacaja","status":"publish","type":"post","link":"https:\/\/dgospel.com.br\/portal\/index.php\/2018\/08\/30\/amastha-firma-compromisso-e-tem-apoio-reforcado-de-ex-vereadores-de-itacaja\/","title":{"rendered":"Amastha firma compromisso e tem apoio refor\u00e7ado de ex-vereadores de Itacaj\u00e1"},"content":{"rendered":"<p class=\"yiv0877721281MsoNormal\">J\u00e1 apoiadores do candidato a governador Carlos Amastha (PSB) na elei\u00e7\u00e3o suplementar, os ex-vereadores de Itacaj\u00e1 Luiz Carlos Porto (PSDB), Fernando Porto (PRTB), Levi Macedo e Marcio de Sousa Gomes (Pros), e a ex-vereadora, atual presidente do MDB de Pedro Afonso e l\u00edder do Movimento da Luta pela Moradia na cidade, Sirleide Lima Muriz, refor\u00e7aram, em reuni\u00f5es no final da manh\u00e3 desta quarta-feira, 29 de agosto, em Gurupi, o respaldo ex-prefeito de Palmas.<\/p>\n<p class=\"yiv0877721281MsoNormal\">Os pol\u00edticos de Itacaj\u00e1, inclusive, entregaram of\u00edcios com seis reivindica\u00e7\u00f5es que foram assumidas por Amastha como compromissos caso ele seja eleito. As solicita\u00e7\u00f5es s\u00e3o as seguintes: estadualiza\u00e7\u00e3o do Hospital de Itacaj\u00e1; constru\u00e7\u00e3o de escola de tempo integral em \u00e1rea j\u00e1 doada pelo munic\u00edpio; asfaltamento da TO-050 no trecho que liga Santa Maria a Itacaj\u00e1; estradas e energia el\u00e9trica para todas aldeias ind\u00edgenas Krah\u00f4s; recupera\u00e7\u00e3o e municipaliza\u00e7\u00e3o do gin\u00e1sio de esportes; e a\u00e7\u00e3o do governo federal para o processo de execu\u00e7\u00e3o do programa Minha Casa I e Minha Casa II que est\u00e3o paralisados.<\/p>\n<p class=\"yiv0877721281MsoNormal\">\n<p class=\"yiv0877721281MsoNormal\"><b>L\u00edder destaca capacidade de Amastha<\/b><\/p>\n<p class=\"yiv0877721281MsoNormal\">\n<p class=\"yiv0877721281MsoNormal\">Sirleide do Movimento, por sua vez, destacou que segue com Carlos Amastha por causa de sua conduta pol\u00edtica e capacidade administrativa. Segundo ela, o Estado precisa de uma transforma\u00e7\u00e3o que apenas o candidato do PSB pode promover. \u201cEu realmente acho que com Amastha o Tocantins pode melhorar, ser industrializado e gerar empregos. Pe\u00e7o voto no \u201840\u2019 para todos, pois ele \u00e9 a pessoa com capacidade para mudar a realidade do Estado\u201d, frisou.<\/p>\n<p class=\"yiv0877721281MsoNormal\">Em Guara\u00ed, Amastha e o senador Vicentinho Alves (PR), companheiro de coliga\u00e7\u00e3o, tiveram reuni\u00f5es com diversos l\u00edderes pol\u00edticos do Estado, definido coordenadores de campanha e pessoas que pudessem levar as propostas dos dois para o interior. \u201cFormamos um time forte e com pessoas qualificadas, que entendem a necessidade que o Estado tem de transforma\u00e7\u00e3o\u201d, explicou Amastha<\/p>\n","protected":false},"excerpt":{"rendered":"<p>J\u00e1 apoiadores do candidato a governador Carlos Amastha (PSB) na elei\u00e7\u00e3o suplementar, os ex-vereadores de Itacaj\u00e1 Luiz Carlos Porto (PSDB), Fernando Porto (PRTB), Levi Macedo e Marcio de Sousa Gomes (Pros), e a ex-vereadora, atual presidente do MDB de Pedro Afonso e l\u00edder do Movimento da Luta pela Moradia na cidade, Sirleide Lima Muriz, refor\u00e7aram, [&hellip;]<\/p>\n","protected":false},"author":2,"featured_media":1147,"comment_status":"open","ping_status":"open","sticky":false,"template":"","format":"standard","meta":[],"categories":[2,4],"tags":[],"_links":{"self":[{"href":"https:\/\/dgospel.com.br\/portal\/index.php\/wp-json\/wp\/v2\/posts\/1146"}],"collection":[{"href":"https:\/\/dgospel.com.br\/portal\/index.php\/wp-json\/wp\/v2\/posts"}],"about":[{"href":"https:\/\/dgospel.com.br\/portal\/index.php\/wp-json\/wp\/v2\/types\/post"}],"author":[{"embeddable":true,"href":"https:\/\/dgospel.com.br\/portal\/index.php\/wp-json\/wp\/v2\/users\/2"}],"replies":[{"embeddable":true,"href":"https:\/\/dgospel.com.br\/portal\/index.php\/wp-json\/wp\/v2\/comments?post=1146"}],"version-history":[{"count":1,"href":"https:\/\/dgospel.com.br\/portal\/index.php\/wp-json\/wp\/v2\/posts\/1146\/revisions"}],"predecessor-version":[{"id":1148,"href":"https:\/\/dgospel.com.br\/portal\/index.php\/wp-json\/wp\/v2\/posts\/1146\/revisions\/1148"}],"wp:featuredmedia":[{"embeddable":true,"href":"https:\/\/dgospel.com.br\/portal\/index.php\/wp-json\/wp\/v2\/media\/1147"}],"wp:attachment":[{"href":"https:\/\/dgospel.com.br\/portal\/index.php\/wp-json\/wp\/v2\/media?parent=1146"}],"wp:term":[{"taxonomy":"category","embeddable":true,"href":"https:\/\/dgospel.com.br\/portal\/index.php\/wp-json\/wp\/v2\/categories?post=1146"},{"taxonomy":"post_tag","embeddable":true,"href":"https:\/\/dgospel.com.br\/portal\/index.php\/wp-json\/wp\/v2\/tags?post=1146"}],"curies":[{"name":"wp","href":"https:\/\/api.w.org\/{rel}","templated":true}]}}