{"id":11469,"date":"2022-06-13T09:37:55","date_gmt":"2022-06-13T12:37:55","guid":{"rendered":"http:\/\/dgospel.com.br\/portal\/?p=11469"},"modified":"2022-06-13T09:37:56","modified_gmt":"2022-06-13T12:37:56","slug":"muitos-nao-sentem-o-cheiro-de-doutrina-estragada","status":"publish","type":"post","link":"https:\/\/dgospel.com.br\/portal\/index.php\/2022\/06\/13\/muitos-nao-sentem-o-cheiro-de-doutrina-estragada\/","title":{"rendered":"Muitos n\u00e3o sentem o cheiro de doutrina estragada"},"content":{"rendered":"\n<p>Uma dos sintomas da Covid-19 \u00e9 a perda do olfato e do paladar, da capacidade de sentir cheiros e gosto. E a \u201cmaledita\u201d tem deixado muitas pessoas com a incapacidade de discernir, por exemplo, que uma comida est\u00e1 estragada. Isso, \u00e9 claro, pode trazer problemas s\u00e9rios \u00e0queles que ingerem uma comida azeda.<\/p>\n\n\n\n<p>Pois \u00e9! Salvaguardas as propor\u00e7\u00f5es, parece que muitos crentes se encontram incapazes de perceber que, em suas igrejas, existe \u201cmorte na panela\u201d (2 Reis 4:38-41), visto que n\u00e3o conseguem sentir o cheiro e o gosto do veneno.<\/p>\n\n\n\n<p>Infelizmente, n\u00e3o s\u00e3o poucos os crentes sem olfato e paladar espiritual, comendo, da panela de coaches e de falsos mestres, veneno para alma.<\/p>\n\n\n\n<p>Isto posto, aconselho voc\u00ea a tomar cuidado com o que \u201ccome\u201d e a usar o \u00fanico ant\u00eddoto capaz de vencer o v\u00edrus do engano e da apostasia, regressando \u00e0 genu\u00edna e pura Palavra de Deus.<\/p>\n\n\n\n<p>Pense nisso!<\/p>\n\n\n\n<table class=\"wp-block-table\"><tbody><tr><td><\/td><td><strong>Renato Vargens<\/strong>&nbsp;\u00e9 pastor s\u00eanior da Igreja Crist\u00e3 da Alian\u00e7a em Niter\u00f3i, no Rio de Janeiro e conferencista. Pregou o evangelho em pa\u00edses da Am\u00e9rica do Sul, do Norte, Caribe, \u00c1frica e Europa. Tem 32 livros publicados em l\u00edngua portuguesa e um em l\u00edngua espanhola. \u00c9 membro dos conselhos do TGC Brasil e IBDR.<\/td><\/tr><\/tbody><\/table>\n\n\n\n<p><em>* Este texto reflete a opini\u00e3o do autor e n\u00e3o, necessariamente, a do <\/em>Di\u00e1rio Gospel <\/p>\n","protected":false},"excerpt":{"rendered":"<p>Uma dos sintomas da Covid-19 \u00e9 a perda do olfato e do paladar, da capacidade de sentir cheiros e gosto. E a \u201cmaledita\u201d tem deixado muitas pessoas com a incapacidade de discernir, por exemplo, que uma comida est\u00e1 estragada. Isso, \u00e9 claro, pode trazer problemas s\u00e9rios \u00e0queles que ingerem uma comida azeda. Pois \u00e9! Salvaguardas [&hellip;]<\/p>\n","protected":false},"author":2,"featured_media":11470,"comment_status":"open","ping_status":"open","sticky":false,"template":"","format":"standard","meta":[],"categories":[11],"tags":[],"_links":{"self":[{"href":"https:\/\/dgospel.com.br\/portal\/index.php\/wp-json\/wp\/v2\/posts\/11469"}],"collection":[{"href":"https:\/\/dgospel.com.br\/portal\/index.php\/wp-json\/wp\/v2\/posts"}],"about":[{"href":"https:\/\/dgospel.com.br\/portal\/index.php\/wp-json\/wp\/v2\/types\/post"}],"author":[{"embeddable":true,"href":"https:\/\/dgospel.com.br\/portal\/index.php\/wp-json\/wp\/v2\/users\/2"}],"replies":[{"embeddable":true,"href":"https:\/\/dgospel.com.br\/portal\/index.php\/wp-json\/wp\/v2\/comments?post=11469"}],"version-history":[{"count":1,"href":"https:\/\/dgospel.com.br\/portal\/index.php\/wp-json\/wp\/v2\/posts\/11469\/revisions"}],"predecessor-version":[{"id":11471,"href":"https:\/\/dgospel.com.br\/portal\/index.php\/wp-json\/wp\/v2\/posts\/11469\/revisions\/11471"}],"wp:featuredmedia":[{"embeddable":true,"href":"https:\/\/dgospel.com.br\/portal\/index.php\/wp-json\/wp\/v2\/media\/11470"}],"wp:attachment":[{"href":"https:\/\/dgospel.com.br\/portal\/index.php\/wp-json\/wp\/v2\/media?parent=11469"}],"wp:term":[{"taxonomy":"category","embeddable":true,"href":"https:\/\/dgospel.com.br\/portal\/index.php\/wp-json\/wp\/v2\/categories?post=11469"},{"taxonomy":"post_tag","embeddable":true,"href":"https:\/\/dgospel.com.br\/portal\/index.php\/wp-json\/wp\/v2\/tags?post=11469"}],"curies":[{"name":"wp","href":"https:\/\/api.w.org\/{rel}","templated":true}]}}