{"id":11479,"date":"2022-06-15T15:46:02","date_gmt":"2022-06-15T18:46:02","guid":{"rendered":"http:\/\/dgospel.com.br\/portal\/?p=11479"},"modified":"2022-06-15T15:46:03","modified_gmt":"2022-06-15T18:46:03","slug":"governo-do-tocantins-decreta-ponto-facultativo-nesta-quinta-16-e-na-sexta-feira-17","status":"publish","type":"post","link":"https:\/\/dgospel.com.br\/portal\/index.php\/2022\/06\/15\/governo-do-tocantins-decreta-ponto-facultativo-nesta-quinta-16-e-na-sexta-feira-17\/","title":{"rendered":"Governo do Tocantins decreta ponto facultativo nesta quinta, 16, e na sexta-feira, 17"},"content":{"rendered":"\n<p>O governador do Estado do Tocantins, Wanderlei Barbosa, decreta ponto facultativo nesta quinta, 16, e na sexta-feira, 17, aos servidores p\u00fablicos estaduais, em fun\u00e7\u00e3o da celebra\u00e7\u00e3o crist\u00e3 de Corpus Christi. Os \u00f3rg\u00e3os do Poder Executivo Estadual voltam a funcionar normalmente na segunda-feira, 20.<\/p>\n\n\n\n<p>Ato nesse sentido ser\u00e1 publicado ainda nesta quarta-feira, 15, no Di\u00e1rio Oficial do Estado (DOE) de n\u00b0 6.465.<\/p>\n\n\n\n<p>Conforme o decreto, cabe aos dirigentes dos \u00f3rg\u00e3os e das entidades a preserva\u00e7\u00e3o e o funcionamento dos servi\u00e7os essenciais sobre as suas respectivas \u00e1reas de compet\u00eancia.<\/p>\n","protected":false},"excerpt":{"rendered":"<p>O governador do Estado do Tocantins, Wanderlei Barbosa, decreta ponto facultativo nesta quinta, 16, e na sexta-feira, 17, aos servidores p\u00fablicos estaduais, em fun\u00e7\u00e3o da celebra\u00e7\u00e3o crist\u00e3 de Corpus Christi. Os \u00f3rg\u00e3os do Poder Executivo Estadual voltam a funcionar normalmente na segunda-feira, 20. Ato nesse sentido ser\u00e1 publicado ainda nesta quarta-feira, 15, no Di\u00e1rio Oficial [&hellip;]<\/p>\n","protected":false},"author":2,"featured_media":11480,"comment_status":"open","ping_status":"open","sticky":false,"template":"","format":"standard","meta":[],"categories":[3],"tags":[13],"_links":{"self":[{"href":"https:\/\/dgospel.com.br\/portal\/index.php\/wp-json\/wp\/v2\/posts\/11479"}],"collection":[{"href":"https:\/\/dgospel.com.br\/portal\/index.php\/wp-json\/wp\/v2\/posts"}],"about":[{"href":"https:\/\/dgospel.com.br\/portal\/index.php\/wp-json\/wp\/v2\/types\/post"}],"author":[{"embeddable":true,"href":"https:\/\/dgospel.com.br\/portal\/index.php\/wp-json\/wp\/v2\/users\/2"}],"replies":[{"embeddable":true,"href":"https:\/\/dgospel.com.br\/portal\/index.php\/wp-json\/wp\/v2\/comments?post=11479"}],"version-history":[{"count":1,"href":"https:\/\/dgospel.com.br\/portal\/index.php\/wp-json\/wp\/v2\/posts\/11479\/revisions"}],"predecessor-version":[{"id":11481,"href":"https:\/\/dgospel.com.br\/portal\/index.php\/wp-json\/wp\/v2\/posts\/11479\/revisions\/11481"}],"wp:featuredmedia":[{"embeddable":true,"href":"https:\/\/dgospel.com.br\/portal\/index.php\/wp-json\/wp\/v2\/media\/11480"}],"wp:attachment":[{"href":"https:\/\/dgospel.com.br\/portal\/index.php\/wp-json\/wp\/v2\/media?parent=11479"}],"wp:term":[{"taxonomy":"category","embeddable":true,"href":"https:\/\/dgospel.com.br\/portal\/index.php\/wp-json\/wp\/v2\/categories?post=11479"},{"taxonomy":"post_tag","embeddable":true,"href":"https:\/\/dgospel.com.br\/portal\/index.php\/wp-json\/wp\/v2\/tags?post=11479"}],"curies":[{"name":"wp","href":"https:\/\/api.w.org\/{rel}","templated":true}]}}