{"id":11485,"date":"2022-06-15T15:50:29","date_gmt":"2022-06-15T18:50:29","guid":{"rendered":"http:\/\/dgospel.com.br\/portal\/?p=11485"},"modified":"2022-06-15T15:50:30","modified_gmt":"2022-06-15T18:50:30","slug":"governo-do-tocantins-e-unicef-discutem-promocao-dos-direitos-das-criancas-e-dos-adolescentes","status":"publish","type":"post","link":"https:\/\/dgospel.com.br\/portal\/index.php\/2022\/06\/15\/governo-do-tocantins-e-unicef-discutem-promocao-dos-direitos-das-criancas-e-dos-adolescentes\/","title":{"rendered":"Governo do Tocantins e Unicef discutem promo\u00e7\u00e3o dos direitos das crian\u00e7as e dos adolescentes"},"content":{"rendered":"\n<p>O Governo do Tocantins, por meio da Secretaria de Estado do Trabalho e Desenvolvimento Social (Setas), recebeu nesta quarta-feira, 15, na sala de reuni\u00f5es da secretaria, representantes do Fundo das Na\u00e7\u00f5es Unidas para a Inf\u00e2ncia (Unicef). O encontro foi solicitado pela coordena\u00e7\u00e3o de comunica\u00e7\u00e3o do Unicef na Amaz\u00f4nia e tem o intuito de firmar parcerias que auxiliem na promo\u00e7\u00e3o dos direitos das crian\u00e7as e adolescentes.<\/p>\n\n\n\n<p>Participaram da reuni\u00e3o a secret\u00e1ria Executiva da Setas, Simone Brito; a coordenadora do Unicef no Territ\u00f3rio Amaz\u00f4nico, Judith L\u00e9veill\u00e9e; o especialista em sa\u00fade do Unicef, Ant\u00f4nio Carlos Borges; a diretora do Sistema \u00danico de Assist\u00eancia Social (Suas) da Setas, Halana Magalh\u00e3es; a coordenadora estadual do Programa Crian\u00e7a Feliz no Tocantins, Katilv\u00e2nia Guedes; a articuladora estadual, Edilene Borges; t\u00e9cnicos da Setas e uma representante da Secretaria de Estado da Cidadania e Justi\u00e7a (Seciju).<\/p>\n\n\n\n<p>Na ocasi\u00e3o, o especialista em sa\u00fade do Unicef, Ant\u00f4nio Carlos Borges, disse que o \u00f3rg\u00e3o vem desenvolvendo uma s\u00e9rie de a\u00e7\u00f5es com os munic\u00edpios tocantinenses, visando \u00e0 promo\u00e7\u00e3o dos direitos das crian\u00e7as e dos adolescentes por meio do Selo Unicef. \u201cO objetivo do encontro \u00e9 estar junto com o Governo do Tocantins na constru\u00e7\u00e3o de uma agenda em defesa dos direitos das crian\u00e7as e dos adolescentes do Estado\u201d, destacou.<\/p>\n\n\n\n<p>A secret\u00e1ria Executiva da Setas, Simone Brito, falou que a Pasta est\u00e1 comprometida com o fortalecimento das a\u00e7\u00f5es de prote\u00e7\u00e3o social. \u201cO Selo Unicef \u00e9 um grande aliado nessa luta na defesa das crian\u00e7as e dos adolescentes, e a Setas trabalha alinhada com os munic\u00edpios, em um di\u00e1logo intersetorial, mais humano e amoroso, visando este entendimento e a busca de resultados\u201d, ressaltou a secret\u00e1ria.<\/p>\n\n\n\n<p>A coordenadora estadual do Programa Crian\u00e7a Feliz (PCF) no Tocantins, Katilv\u00e2nia Guedes, afirmou que as a\u00e7\u00f5es do PCF voltadas para a Primeira Inf\u00e2ncia se articulam com alguns dos Objetivos de Desenvolvimento Sustent\u00e1vel do Selo Unicef. \u201cO PCF \u00e9 uma janela de oportunidades para que os munic\u00edpios trabalhem as garantias de direitos por meio das equipes, das articula\u00e7\u00f5es e da rede intersetorial\u201d, salientou.<\/p>\n\n\n\n<p><strong>Selo Unicef<\/strong><\/p>\n\n\n\n<p>O Selo Unicef \u00e9 uma iniciativa do&nbsp;<a href=\"http:\/\/www.unicef.org.br\/\">Fundo das Na\u00e7\u00f5es Unidas para a Inf\u00e2ncia (UNICEF)<\/a>&nbsp;para estimular e reconhecer avan\u00e7os reais&nbsp;e positivos na promo\u00e7\u00e3o, na realiza\u00e7\u00e3o e na garantia dos direitos de crian\u00e7as e adolescentes em munic\u00edpios do Semi\u00e1rido e da Amaz\u00f4nia Legal brasileira.<\/p>\n\n\n\n<p>Ao aderir ao Selo Unicef, o munic\u00edpio assume o compromisso de manter a agenda de suas pol\u00edticas p\u00fablicas pela inf\u00e2ncia e pela adolesc\u00eancia como prioridade.<\/p>\n\n\n\n<figure class=\"wp-block-image\"><img src=\"https:\/\/central.to.gov.br\/image\/296289?w=670&amp;h=383\" alt=\"\"\/><\/figure>\n\n\n\n<p>Especialista em sa\u00fade do Unicef, Ant\u00f4nio Carlos Borges &#8211; Carlessandro Souza\/Governo do Tocantins\u00a0<\/p>\n\n\n\n<figure class=\"wp-block-image\"><img src=\"https:\/\/central.to.gov.br\/image\/296290?w=670&amp;h=383\" alt=\"\"\/><\/figure>\n\n\n\n<p>A secret\u00e1ria executiva da Setas, Simone Brito, falou que a Pasta est\u00e1 comprometida com o fortalecimento das a\u00e7\u00f5es de prote\u00e7\u00e3o social &#8211; Carlessandro Souza\/Governo do Tocantins\u00a0<\/p>\n\n\n\n<figure class=\"wp-block-image\"><img src=\"https:\/\/central.to.gov.br\/image\/296291?w=670&amp;h=383\" alt=\"\"\/><\/figure>\n\n\n\n<p>O objetivo do encontro \u00e9 a constru\u00e7\u00e3o de uma agenda em defesa dos direitos das crian\u00e7as e dos adolescentes do Estado &#8211; Carlessandro Souza\/Governo do Tocantins\n\n<\/p>\n","protected":false},"excerpt":{"rendered":"<p>O Governo do Tocantins, por meio da Secretaria de Estado do Trabalho e Desenvolvimento Social (Setas), recebeu nesta quarta-feira, 15, na sala de reuni\u00f5es da secretaria, representantes do Fundo das Na\u00e7\u00f5es Unidas para a Inf\u00e2ncia (Unicef). O encontro foi solicitado pela coordena\u00e7\u00e3o de comunica\u00e7\u00e3o do Unicef na Amaz\u00f4nia e tem o intuito de firmar parcerias [&hellip;]<\/p>\n","protected":false},"author":2,"featured_media":11486,"comment_status":"open","ping_status":"open","sticky":false,"template":"","format":"standard","meta":[],"categories":[3],"tags":[13],"_links":{"self":[{"href":"https:\/\/dgospel.com.br\/portal\/index.php\/wp-json\/wp\/v2\/posts\/11485"}],"collection":[{"href":"https:\/\/dgospel.com.br\/portal\/index.php\/wp-json\/wp\/v2\/posts"}],"about":[{"href":"https:\/\/dgospel.com.br\/portal\/index.php\/wp-json\/wp\/v2\/types\/post"}],"author":[{"embeddable":true,"href":"https:\/\/dgospel.com.br\/portal\/index.php\/wp-json\/wp\/v2\/users\/2"}],"replies":[{"embeddable":true,"href":"https:\/\/dgospel.com.br\/portal\/index.php\/wp-json\/wp\/v2\/comments?post=11485"}],"version-history":[{"count":1,"href":"https:\/\/dgospel.com.br\/portal\/index.php\/wp-json\/wp\/v2\/posts\/11485\/revisions"}],"predecessor-version":[{"id":11487,"href":"https:\/\/dgospel.com.br\/portal\/index.php\/wp-json\/wp\/v2\/posts\/11485\/revisions\/11487"}],"wp:featuredmedia":[{"embeddable":true,"href":"https:\/\/dgospel.com.br\/portal\/index.php\/wp-json\/wp\/v2\/media\/11486"}],"wp:attachment":[{"href":"https:\/\/dgospel.com.br\/portal\/index.php\/wp-json\/wp\/v2\/media?parent=11485"}],"wp:term":[{"taxonomy":"category","embeddable":true,"href":"https:\/\/dgospel.com.br\/portal\/index.php\/wp-json\/wp\/v2\/categories?post=11485"},{"taxonomy":"post_tag","embeddable":true,"href":"https:\/\/dgospel.com.br\/portal\/index.php\/wp-json\/wp\/v2\/tags?post=11485"}],"curies":[{"name":"wp","href":"https:\/\/api.w.org\/{rel}","templated":true}]}}