{"id":1149,"date":"2018-08-30T15:48:40","date_gmt":"2018-08-30T18:48:40","guid":{"rendered":"http:\/\/dgospel.com.br\/portal\/?p=1149"},"modified":"2018-08-30T15:48:40","modified_gmt":"2018-08-30T18:48:40","slug":"gestao-carlesse-reduz-folha-da-secretaria-de-governo-em-mais-de-r-2-milhoes-ao-mes","status":"publish","type":"post","link":"https:\/\/dgospel.com.br\/portal\/index.php\/2018\/08\/30\/gestao-carlesse-reduz-folha-da-secretaria-de-governo-em-mais-de-r-2-milhoes-ao-mes\/","title":{"rendered":"Gest\u00e3o Carlesse reduz folha da Secretaria de Governo em mais de R$ 2 milh\u00f5es ao m\u00eas"},"content":{"rendered":"<p class=\"yiv9126906961MsoNormal\">Desde que assumiu de maneira definitiva o Governo do Tocantins, ap\u00f3s vit\u00f3ria nas urnas da elei\u00e7\u00e3o suplementar, a gest\u00e3o do governador Mauro Carlesse implantou importantes medidas para ajustar as contas p\u00fablicas. Uma das a\u00e7\u00f5es desenvolvidas foi a extin\u00e7\u00e3o da estrutura de Articula\u00e7\u00e3o Pol\u00edtica, que existia dentro da Secretaria de Governo. Com isso, o Estado conseguiu reduzir os gastos da pasta de R$ 4.290.903,19 (dados de mar\u00e7o) para R$ 2.218.433,34 (dados de julho\/agosto), uma economia de mais de R$ 2 milh\u00f5es, ou seja, quase metade da folha (48,3%).<\/p>\n<p class=\"yiv9126906961MsoNormal\">Na administra\u00e7\u00e3o anterior a de Carlesse, o \u00f3rg\u00e3o em quest\u00e3o tinha a nomenclatura de Secretaria de Governo e Articula\u00e7\u00e3o Pol\u00edtica e possu\u00eda 1.020 servidores. J\u00e1 na gest\u00e3o atual, com a extin\u00e7\u00e3o da \u00e1rea pol\u00edtica, publicada no Di\u00e1rio Oficial do Estado (DOE) em 17 de agosto, o quadro passou a ser de apenas 615 servidores, que trabalham no Pal\u00e1cio Araguaia e em outras estruturas administrativas subordinadas \u00e0 Secretaria de Governo, como a Pra\u00e7a dos Girass\u00f3is, o Hangar do Estado e o Parque do Cant\u00e3o.<\/p>\n<p class=\"yiv9126906961MsoNormal\">A Secretaria de Governo \u00e9 respons\u00e1vel por toda a administra\u00e7\u00e3o do Pal\u00e1cio Araguaia e do seu entorno. Dentre os integrantes do quadro da pasta est\u00e3o servidores concursados e comissionados, al\u00e9m dos contratos, que em sua maioria s\u00e3o encarregados por executar a manuten\u00e7\u00e3o da Pra\u00e7a dos Girass\u00f3is.<\/p>\n<p class=\"yiv9126906961MsoNormal\">\u201cTemos um compromisso de gest\u00e3o de realizar ajustes e reformas nas \u00e1reas necess\u00e1rias para readequar o Estado dentro da Lei de Responsabilidade Fiscal [LRF]. Ao assumir o Governo, estudamos a estrutura que recebemos e fizemos as adequa\u00e7\u00f5es sempre na inten\u00e7\u00e3o de reduzir gastos\u201d, explicou Mauro Carlesse.<\/p>\n<p class=\"yiv9126906961MsoNormal\">Diferente do que vinha acontecendo nos \u00faltimos anos, o governador Mauro Carlesse tem demonstrado compromisso quando o assunto \u00e9 reenquadramento no limite de gastos com pessoal. S\u00f3 neste 3\u00ba bimestre, gra\u00e7as \u00e0s eficientes medidas e a\u00e7\u00f5es administrativas, Carlesse conseguiu uma redu\u00e7\u00e3o de 3,9% com as despesas a folha de pagamento do Estado, saindo do alto \u00edndice de 58,22% para 54,96%.<\/p>\n<p>&nbsp;<\/p>\n","protected":false},"excerpt":{"rendered":"<p>Desde que assumiu de maneira definitiva o Governo do Tocantins, ap\u00f3s vit\u00f3ria nas urnas da elei\u00e7\u00e3o suplementar, a gest\u00e3o do governador Mauro Carlesse implantou importantes medidas para ajustar as contas p\u00fablicas. Uma das a\u00e7\u00f5es desenvolvidas foi a extin\u00e7\u00e3o da estrutura de Articula\u00e7\u00e3o Pol\u00edtica, que existia dentro da Secretaria de Governo. Com isso, o Estado conseguiu [&hellip;]<\/p>\n","protected":false},"author":2,"featured_media":1150,"comment_status":"open","ping_status":"open","sticky":false,"template":"","format":"standard","meta":[],"categories":[2,4],"tags":[],"_links":{"self":[{"href":"https:\/\/dgospel.com.br\/portal\/index.php\/wp-json\/wp\/v2\/posts\/1149"}],"collection":[{"href":"https:\/\/dgospel.com.br\/portal\/index.php\/wp-json\/wp\/v2\/posts"}],"about":[{"href":"https:\/\/dgospel.com.br\/portal\/index.php\/wp-json\/wp\/v2\/types\/post"}],"author":[{"embeddable":true,"href":"https:\/\/dgospel.com.br\/portal\/index.php\/wp-json\/wp\/v2\/users\/2"}],"replies":[{"embeddable":true,"href":"https:\/\/dgospel.com.br\/portal\/index.php\/wp-json\/wp\/v2\/comments?post=1149"}],"version-history":[{"count":1,"href":"https:\/\/dgospel.com.br\/portal\/index.php\/wp-json\/wp\/v2\/posts\/1149\/revisions"}],"predecessor-version":[{"id":1151,"href":"https:\/\/dgospel.com.br\/portal\/index.php\/wp-json\/wp\/v2\/posts\/1149\/revisions\/1151"}],"wp:featuredmedia":[{"embeddable":true,"href":"https:\/\/dgospel.com.br\/portal\/index.php\/wp-json\/wp\/v2\/media\/1150"}],"wp:attachment":[{"href":"https:\/\/dgospel.com.br\/portal\/index.php\/wp-json\/wp\/v2\/media?parent=1149"}],"wp:term":[{"taxonomy":"category","embeddable":true,"href":"https:\/\/dgospel.com.br\/portal\/index.php\/wp-json\/wp\/v2\/categories?post=1149"},{"taxonomy":"post_tag","embeddable":true,"href":"https:\/\/dgospel.com.br\/portal\/index.php\/wp-json\/wp\/v2\/tags?post=1149"}],"curies":[{"name":"wp","href":"https:\/\/api.w.org\/{rel}","templated":true}]}}