{"id":11491,"date":"2022-06-15T16:07:14","date_gmt":"2022-06-15T19:07:14","guid":{"rendered":"http:\/\/dgospel.com.br\/portal\/?p=11491"},"modified":"2022-06-15T16:07:15","modified_gmt":"2022-06-15T19:07:15","slug":"stj-autoriza-o-cultivo-da-maconha-para-uso-medicinal","status":"publish","type":"post","link":"https:\/\/dgospel.com.br\/portal\/index.php\/2022\/06\/15\/stj-autoriza-o-cultivo-da-maconha-para-uso-medicinal\/","title":{"rendered":"STJ autoriza o cultivo da maconha para uso medicinal"},"content":{"rendered":"\n<p>O Superior Tribunal de Justi\u00e7a (STJ) concedeu, pela primeira vez na hist\u00f3ria, o salvo-conduto para o cultivo artesanal de&nbsp;<em>cannabis sativa<\/em>, a maconha, para fins medicinais. A autoriza\u00e7\u00e3o possibilita a extra\u00e7\u00e3o de canabidiol para uso pr\u00f3prio, sempre sob prescri\u00e7\u00e3o m\u00e9dica, como forma de tratamento de estresse p\u00f3s-traum\u00e1tico, fobias sociais, ansiedade e epilepsia.<\/p>\n\n\n\n<p>A decis\u00e3o \u00e9 in\u00e9dita e deve facilitar o cultivo artesanal quando h\u00e1 uma prescri\u00e7\u00e3o m\u00e9dica. A Ag\u00eancia Nacional de Vigil\u00e2ncia Sanit\u00e1ria (Anvisa) j\u00e1 autoriza a importa\u00e7\u00e3o de produtos derivados de maconha para tratamentos de sa\u00fade. O plantio caseiro, no entanto, ainda n\u00e3o foi regulamentado.<\/p>\n\n\n\n<p>Os ministros analisaram recursos de pacientes e familiares que fazem uso cont\u00ednuo de produtos \u00e0 base de maconha e pediram autoriza\u00e7\u00e3o pr\u00e9via para o plantio da cannabis sem correr o risco de serem enquadrados na Lei de Drogas. A decis\u00e3o s\u00f3 vale para os casos analisados, mas deve direcionar julgamentos em inst\u00e2ncias inferiores.<\/p>\n\n\n\n<p>O relator, ministro Sebasti\u00e3o Reis J\u00fanior, que teve voto aprovado por unanimidade, deixou claro que n\u00e3o foi discutida na a\u00e7\u00e3o a licen\u00e7a para plantio da maconha, mas, sim, se haver\u00e1 a persecu\u00e7\u00e3o penal nos casos de produ\u00e7\u00e3o caseira de canabidiol para pacientes que seguem tratamento m\u00e9dico com derivados da planta.<\/p>\n\n\n\n<p><strong>COMO VOTARAM OS MINISTROS<br><\/strong>O ministro Sebasti\u00e3o Reis ressaltou que \u00e9 necess\u00e1rio enfrentar a quest\u00e3o e que diversos pa\u00edses pelo mundo j\u00e1 legalizaram o plantio, com as diferentes nuances de cada um.<\/p>\n\n\n\n<p>\u2013 Simplesmente taxar de maldita uma planta porque h\u00e1 um preconceito com ela, sem um cuidado maior em se verificar os benef\u00edcios que seu uso pode trazer, \u00e9 de uma irresponsabilidade total \u2013 disse.<\/p>\n\n\n\n<p>J\u00e1 o ministro Ant\u00f4nio Saldanha declarou que a decis\u00e3o \u00e9 um \u201cato de resist\u00eancia ao obscurantismo, enquanto o ministro Rogerio Schietti, relator de um dos recursos, afirmou que o tema est\u00e1 contaminado por um \u201cdiscurso moralista baseado em dogmas e estimas\u201d.<\/p>\n","protected":false},"excerpt":{"rendered":"<p>O Superior Tribunal de Justi\u00e7a (STJ) concedeu, pela primeira vez na hist\u00f3ria, o salvo-conduto para o cultivo artesanal de&nbsp;cannabis sativa, a maconha, para fins medicinais. A autoriza\u00e7\u00e3o possibilita a extra\u00e7\u00e3o de canabidiol para uso pr\u00f3prio, sempre sob prescri\u00e7\u00e3o m\u00e9dica, como forma de tratamento de estresse p\u00f3s-traum\u00e1tico, fobias sociais, ansiedade e epilepsia. A decis\u00e3o \u00e9 in\u00e9dita [&hellip;]<\/p>\n","protected":false},"author":2,"featured_media":11492,"comment_status":"open","ping_status":"open","sticky":false,"template":"","format":"standard","meta":[],"categories":[4],"tags":[14],"_links":{"self":[{"href":"https:\/\/dgospel.com.br\/portal\/index.php\/wp-json\/wp\/v2\/posts\/11491"}],"collection":[{"href":"https:\/\/dgospel.com.br\/portal\/index.php\/wp-json\/wp\/v2\/posts"}],"about":[{"href":"https:\/\/dgospel.com.br\/portal\/index.php\/wp-json\/wp\/v2\/types\/post"}],"author":[{"embeddable":true,"href":"https:\/\/dgospel.com.br\/portal\/index.php\/wp-json\/wp\/v2\/users\/2"}],"replies":[{"embeddable":true,"href":"https:\/\/dgospel.com.br\/portal\/index.php\/wp-json\/wp\/v2\/comments?post=11491"}],"version-history":[{"count":1,"href":"https:\/\/dgospel.com.br\/portal\/index.php\/wp-json\/wp\/v2\/posts\/11491\/revisions"}],"predecessor-version":[{"id":11493,"href":"https:\/\/dgospel.com.br\/portal\/index.php\/wp-json\/wp\/v2\/posts\/11491\/revisions\/11493"}],"wp:featuredmedia":[{"embeddable":true,"href":"https:\/\/dgospel.com.br\/portal\/index.php\/wp-json\/wp\/v2\/media\/11492"}],"wp:attachment":[{"href":"https:\/\/dgospel.com.br\/portal\/index.php\/wp-json\/wp\/v2\/media?parent=11491"}],"wp:term":[{"taxonomy":"category","embeddable":true,"href":"https:\/\/dgospel.com.br\/portal\/index.php\/wp-json\/wp\/v2\/categories?post=11491"},{"taxonomy":"post_tag","embeddable":true,"href":"https:\/\/dgospel.com.br\/portal\/index.php\/wp-json\/wp\/v2\/tags?post=11491"}],"curies":[{"name":"wp","href":"https:\/\/api.w.org\/{rel}","templated":true}]}}