{"id":11497,"date":"2022-06-15T16:20:58","date_gmt":"2022-06-15T19:20:58","guid":{"rendered":"http:\/\/dgospel.com.br\/portal\/?p=11497"},"modified":"2022-06-15T16:20:59","modified_gmt":"2022-06-15T19:20:59","slug":"bolsonaro-afirma-que-estudara-dar-graca-a-allan-dos-santos","status":"publish","type":"post","link":"https:\/\/dgospel.com.br\/portal\/index.php\/2022\/06\/15\/bolsonaro-afirma-que-estudara-dar-graca-a-allan-dos-santos\/","title":{"rendered":"Bolsonaro afirma que \u201cestudar\u00e1\u201d dar gra\u00e7a a Allan dos Santos"},"content":{"rendered":"\n<p>Em conversa com jornalistas nesta segunda-feira (13), o presidente Jair Bolsonaro afirmou que cogita conceder gra\u00e7a constitucional ao jornalista Allan dos Santos. Ele est\u00e1 morando nos Estados Unidos (EUA) ap\u00f3s ter sua pris\u00e3o decretada pelo ministro Alexandre de Moraes, do Supremo Tribunal Federal (STF).<\/p>\n\n\n\n<p>O pedido de pris\u00e3o de Allan foi estipulado no final de 2021. Al\u00e9m disso, o ministro tamb\u00e9m determinou a extradi\u00e7\u00e3o do jornalista. Ele atendeu a uma solicita\u00e7\u00e3o da Pol\u00edcia Federal (PF). De acordo com Moraes, o \u00f3rg\u00e3o \u201capresentou ind\u00edcios fortes, plaus\u00edveis e razo\u00e1veis da vincula\u00e7\u00e3o do representado Allan Lopes dos Santos \u00e0 pr\u00e1tica de diversos crimes\u201d.<\/p>\n\n\n\n<figure class=\"wp-block-image\"><img src=\"https:\/\/static.cdn.pleno.news\/2019\/03\/allansantosbr_52333484_147276712951115_8421417095967514307_n-e1552690766413.jpg\" alt=\"\" class=\"wp-image-276741\"\/><\/figure>\n\n\n\n<p>Presidente Jair Bolsonaro e Allan dos Santos\u00a0Foto: Reprodu\u00e7\u00e3o\/Arquivo Pessoal <\/p>\n\n\n\n<p>Bolsonaro foi questionado por um jornalista sobre a possibilidade dar um perd\u00e3o a Allan. O presidente ent\u00e3o falou sobre o caso do deputado federal Daniel Silveira (PTB-RJ) e lembrou de epis\u00f3dios do passado em que criminosos teriam recebido indulto.<\/p>\n\n\n\n<p>\u2013 J\u00e1 que voc\u00ea est\u00e1 propondo a\u00ed, eu vou mandar estudar. E voc\u00ea pode ver, a minha gra\u00e7a \u00e9 prevista. Quando l\u00e1 atr\u00e1s deram indulto para um mont\u00e3o de gente por corrup\u00e7\u00e3o, ningu\u00e9m falou nada. No caso do Daniel, j\u00e1 falei para voc\u00eas, eu n\u00e3o queria em sendo do Supremo receber aquelas criticas que ele fez. Agora, a pena para isso n\u00e3o \u00e9 a pris\u00e3o, muito menos nove anos de cadeia, come\u00e7ar em regime fechado, cassar o mandato, inelegibilidade, multa, pelo amor de Deus \u2013 apontou.<\/p>\n\n\n\n<p>Bolsonaro tamb\u00e9m foi perguntado se teve algum encontro com Allan nos EUA.<\/p>\n\n\n\n<p>N\u00e3o encontrei com ele [Allan]. Se tivesse encontrado, falaria para voc\u00ea, se ele tivesse aparecido na minha frente eu ia apertar a m\u00e3o dele como na \u00faltima, pen\u00faltima vez que tive l\u00e1 e tamb\u00e9m apertei a m\u00e3o dele. Eu n\u00e3o o vejo como criminoso (\u2026) Por que n\u00e3o foi aceito? Por que n\u00e3o entrou na lista vermelha da Interpol? Quando se faz um tratado de extradi\u00e7\u00e3o contra um pa\u00eds, n\u00e3o \u00e9 qualquer extradi\u00e7\u00e3o e tem os crit\u00e9rios. E o Allan dos Santos n\u00e3o se enquadra nos crit\u00e9rios para extradi\u00e7\u00e3o \u2013 destacou.<\/p>\n","protected":false},"excerpt":{"rendered":"<p>Em conversa com jornalistas nesta segunda-feira (13), o presidente Jair Bolsonaro afirmou que cogita conceder gra\u00e7a constitucional ao jornalista Allan dos Santos. Ele est\u00e1 morando nos Estados Unidos (EUA) ap\u00f3s ter sua pris\u00e3o decretada pelo ministro Alexandre de Moraes, do Supremo Tribunal Federal (STF). O pedido de pris\u00e3o de Allan foi estipulado no final de [&hellip;]<\/p>\n","protected":false},"author":2,"featured_media":11498,"comment_status":"open","ping_status":"open","sticky":false,"template":"","format":"standard","meta":[],"categories":[4],"tags":[],"_links":{"self":[{"href":"https:\/\/dgospel.com.br\/portal\/index.php\/wp-json\/wp\/v2\/posts\/11497"}],"collection":[{"href":"https:\/\/dgospel.com.br\/portal\/index.php\/wp-json\/wp\/v2\/posts"}],"about":[{"href":"https:\/\/dgospel.com.br\/portal\/index.php\/wp-json\/wp\/v2\/types\/post"}],"author":[{"embeddable":true,"href":"https:\/\/dgospel.com.br\/portal\/index.php\/wp-json\/wp\/v2\/users\/2"}],"replies":[{"embeddable":true,"href":"https:\/\/dgospel.com.br\/portal\/index.php\/wp-json\/wp\/v2\/comments?post=11497"}],"version-history":[{"count":1,"href":"https:\/\/dgospel.com.br\/portal\/index.php\/wp-json\/wp\/v2\/posts\/11497\/revisions"}],"predecessor-version":[{"id":11499,"href":"https:\/\/dgospel.com.br\/portal\/index.php\/wp-json\/wp\/v2\/posts\/11497\/revisions\/11499"}],"wp:featuredmedia":[{"embeddable":true,"href":"https:\/\/dgospel.com.br\/portal\/index.php\/wp-json\/wp\/v2\/media\/11498"}],"wp:attachment":[{"href":"https:\/\/dgospel.com.br\/portal\/index.php\/wp-json\/wp\/v2\/media?parent=11497"}],"wp:term":[{"taxonomy":"category","embeddable":true,"href":"https:\/\/dgospel.com.br\/portal\/index.php\/wp-json\/wp\/v2\/categories?post=11497"},{"taxonomy":"post_tag","embeddable":true,"href":"https:\/\/dgospel.com.br\/portal\/index.php\/wp-json\/wp\/v2\/tags?post=11497"}],"curies":[{"name":"wp","href":"https:\/\/api.w.org\/{rel}","templated":true}]}}