{"id":115,"date":"2018-05-12T13:17:37","date_gmt":"2018-05-12T16:17:37","guid":{"rendered":"http:\/\/dgospel.com.br\/portal\/?p=115"},"modified":"2018-05-12T13:17:37","modified_gmt":"2018-05-12T16:17:37","slug":"carlesse-leva-a-mensagem-da-esperanca-e-do-emprego-para-a-juventude-tocantinense","status":"publish","type":"post","link":"https:\/\/dgospel.com.br\/portal\/index.php\/2018\/05\/12\/carlesse-leva-a-mensagem-da-esperanca-e-do-emprego-para-a-juventude-tocantinense\/","title":{"rendered":"Carlesse leva a mensagem da esperan\u00e7a e do emprego para a juventude tocantinense"},"content":{"rendered":"<p style=\"font-weight: 400;\">O candidato a governador pela coliga\u00e7\u00e3o\u00a0<strong><em>Governo de Atitude<\/em><\/strong>\u00a0juntou-se \u00e0 Juventude 31 nesta sexta-feira, 11, no primeiro adesiva\u00e7o da regi\u00e3o sul de Palmas. De forma descontra\u00edda, Carlesse juntou-se aos jovens, adesivou dezenas de ve\u00edculos e ainda divulgou seu projeto Juventude Humanista. \u201cMe sinto \u00e0 vontade aqui porque acredito na juventude e sempre valorizei o protagonismo juvenil. O meu governo trabalha para oferecer oportunidades a todos eles, porque eu sei que para ser bem sucedido o jovem precisa de boa educa\u00e7\u00e3o e emprego\u201d, disse empolgado o candidato.<\/p>\n<p style=\"font-weight: 400;\">\n<p style=\"font-weight: 400;\">Carlesse ouviu muitas palavras de apoio \u00e0 continuidade do projeto de governo municipalista e conclamou a juventude a fazer parte desse momento de transi\u00e7\u00e3o no estado. \u201cVamos juntos levar a mensagem da esperan\u00e7a e da estabilidade, para que o Tocantins avance e seja o estado dos sonhos de todos n\u00f3s\u201d, disse Carlesse que em sua plataforma de governo prop\u00f5e a\u00e7\u00f5es integradas com a educa\u00e7\u00e3o, esporte, cidadania, turismo, cultura e seguran\u00e7a, para promo\u00e7\u00e3o de programas de apoio e incentivo aos jovens.<\/p>\n<p style=\"font-weight: 400;\">\n<p style=\"font-weight: 400;\">O candidato tamb\u00e9m percorreu algumas ruas de Taquaralto e cumprimentou populares, depois seguiu para a Feira da 304 Sul, pediu votos e ouviu sugest\u00f5es dos cidad\u00e3os para seu governo. \u201cMais uma vez vim a esta feira e fui muito bem recebido. Isso mostra que estamos no caminho certo\u201d. Na feira, ainda ao lado da Juventude 31, Carlesse adiantou que vai implantar escolas tecnol\u00f3gicas visando qualificar os jovens para o trabalho.<\/p>\n","protected":false},"excerpt":{"rendered":"<p>O candidato a governador pela coliga\u00e7\u00e3o\u00a0Governo de Atitude\u00a0juntou-se \u00e0 Juventude 31 nesta sexta-feira, 11, no primeiro adesiva\u00e7o da regi\u00e3o sul de Palmas. De forma descontra\u00edda, Carlesse juntou-se aos jovens, adesivou dezenas de ve\u00edculos e ainda divulgou seu projeto Juventude Humanista. \u201cMe sinto \u00e0 vontade aqui porque acredito na juventude e sempre valorizei o protagonismo juvenil. [&hellip;]<\/p>\n","protected":false},"author":2,"featured_media":116,"comment_status":"open","ping_status":"open","sticky":false,"template":"","format":"standard","meta":[],"categories":[2,4],"tags":[],"_links":{"self":[{"href":"https:\/\/dgospel.com.br\/portal\/index.php\/wp-json\/wp\/v2\/posts\/115"}],"collection":[{"href":"https:\/\/dgospel.com.br\/portal\/index.php\/wp-json\/wp\/v2\/posts"}],"about":[{"href":"https:\/\/dgospel.com.br\/portal\/index.php\/wp-json\/wp\/v2\/types\/post"}],"author":[{"embeddable":true,"href":"https:\/\/dgospel.com.br\/portal\/index.php\/wp-json\/wp\/v2\/users\/2"}],"replies":[{"embeddable":true,"href":"https:\/\/dgospel.com.br\/portal\/index.php\/wp-json\/wp\/v2\/comments?post=115"}],"version-history":[{"count":1,"href":"https:\/\/dgospel.com.br\/portal\/index.php\/wp-json\/wp\/v2\/posts\/115\/revisions"}],"predecessor-version":[{"id":117,"href":"https:\/\/dgospel.com.br\/portal\/index.php\/wp-json\/wp\/v2\/posts\/115\/revisions\/117"}],"wp:featuredmedia":[{"embeddable":true,"href":"https:\/\/dgospel.com.br\/portal\/index.php\/wp-json\/wp\/v2\/media\/116"}],"wp:attachment":[{"href":"https:\/\/dgospel.com.br\/portal\/index.php\/wp-json\/wp\/v2\/media?parent=115"}],"wp:term":[{"taxonomy":"category","embeddable":true,"href":"https:\/\/dgospel.com.br\/portal\/index.php\/wp-json\/wp\/v2\/categories?post=115"},{"taxonomy":"post_tag","embeddable":true,"href":"https:\/\/dgospel.com.br\/portal\/index.php\/wp-json\/wp\/v2\/tags?post=115"}],"curies":[{"name":"wp","href":"https:\/\/api.w.org\/{rel}","templated":true}]}}