{"id":11506,"date":"2022-06-15T16:55:35","date_gmt":"2022-06-15T19:55:35","guid":{"rendered":"http:\/\/dgospel.com.br\/portal\/?p=11506"},"modified":"2022-06-15T16:55:37","modified_gmt":"2022-06-15T19:55:37","slug":"ou-voce-e-cristao-conservador-ou-voce-e-de-esquerda-diz-magno-malta","status":"publish","type":"post","link":"https:\/\/dgospel.com.br\/portal\/index.php\/2022\/06\/15\/ou-voce-e-cristao-conservador-ou-voce-e-de-esquerda-diz-magno-malta\/","title":{"rendered":"\u201cOu voc\u00ea \u00e9 crist\u00e3o conservador ou voc\u00ea \u00e9 de esquerda\u201d, diz Magno Malta"},"content":{"rendered":"\n<p> O ex-senador\u00a0<a href=\"https:\/\/noticias.gospelmais.com.br\/magno-malta-desmente-video-lula-decisao-igrejas-154791.html\">Magno Malta<\/a>, popular no Brasil por seus discursos acalorados enquanto parlamentar, participou do Conservative Political Action Conference (CPAC Brasil), evento conservador considerado o maior do mundo, ocorrido no \u00faltimo final de semana, em S\u00e3o Paulo. <\/p>\n\n\n\n<p>Na ocasi\u00e3o, Malta cobrou dos crist\u00e3os um posicionamento claro em rela\u00e7\u00e3o \u00e0 pol\u00edtica, argumentando que n\u00e3o d\u00e1 para ficar \u201cem cima do muro\u201d no contexto atual, onde a polariza\u00e7\u00e3o entre a esquerda e a direita est\u00e1 evidente.<\/p>\n\n\n\n<p>\u201cNeste momento n\u00e3o d\u00e1 para acender uma vela para Deus e outra para o diabo. N\u00e3o d\u00e1 pra ficar em cima do muro. N\u00e3o h\u00e1 lugar para meio termo, ou voc\u00ea \u00e9 crist\u00e3o conservador ou voc\u00ea \u00e9 de esquerda\u201d, afirmou Magno Malta, sendo aplaudido pelo p\u00fablico presente.<\/p>\n\n\n\n<p>Segundo o ex-senador, a neutralidade pol\u00edtica, por parte dos crist\u00e3os, termina favorecendo a agenda progressista, o que inclui as pessoas que se definem como de \u201ccentro\u201d.<\/p>\n\n\n\n<p>\u201cSer centro n\u00e3o serve pra nada. De manh\u00e3 voc\u00ea \u00e9 a favor do aborto e a tarde voc\u00ea n\u00e3o \u00e9. Um dia voc\u00ea \u00e9 a favor da ideologia de g\u00eanero, no outro n\u00e3o voc\u00ea n\u00e3o \u00e9\u201d, pontuou Magno Malta, que concluiu fazendo um apelo para que as pautas conservadoras sejam difundidas pelo pa\u00eds.<\/p>\n\n\n\n<p>\u201cO processo eleitoral conservador brasileiro leve para sua cidade pra sua casa e a pauta ser\u00e1 a mesma: Deus, p\u00e1tria, fam\u00edlia e liberdade\u201d, disse ele.<\/p>\n\n\n\n<h2>Alvo do STF<\/h2>\n\n\n\n<p>No mesmo discurso realizado no CPAC Brasil, Magno Malta tamb\u00e9m fez cr\u00edticas a alguns ministros do Supremo Tribunal Federal (STF), incluindo uma acusa\u00e7\u00e3o contra o ministro Luiz Roberto Barroso, apontado por ele como algu\u00e9m que j\u00e1 respondeu a uma acusa\u00e7\u00e3o de agress\u00e3o contra mulher.<\/p>\n\n\n\n<p>\u201cQuando ele \u00e9 sabatinado a gente descobre que ele tem dois processos no STJ, na Lei Maria da Penha, por espancamento de mulher. Al\u00e9m de tudo, o Barroso bate em mulher\u201d, afirmou o ex-senador, se referindo \u00e0 \u00e9poca em que Barroso foi indicado para o STF.<\/p>\n\n\n\n<p>Em nota, assessoria de comunica\u00e7\u00e3o do STF negou as acusa\u00e7\u00f5es. Barroso, por sua vez, acionou o Supremo contra Magno Malta, por cal\u00fania. O ministro Alexandre de Moraes, que conduz o pol\u00eamico inqu\u00e9rito das fake news, j\u00e1 solicitou esclarecimentos do ex-senador no prazo de 15 dias, segundo o&nbsp;<a href=\"https:\/\/noticias.r7.com\/brasilia\/moraes-da-a-magno-malta-15-dias-para-explicar-fala-sobre-barroso-bater-em-mulher-14062022\">R7<\/a>.<\/p>\n\n\n\n<p>\u201cAs ofensas foram desferidas contra Ministro do Supremo Tribunal Federal em contexto semelhante \u00e0quele descortinado pelos elementos probat\u00f3rios colhidos no Inqu\u00e9rito n\u00ba 4.871, qual seja: a dissemina\u00e7\u00e3o de conte\u00fados falsos e fraudulentos com o objetivo de atacar o Poder Judici\u00e1rio (em especial, o STF), minar sua credibilidade e amea\u00e7ar sua independ\u00eancia. Ademais, foram utilizados os mesmos expedientes criminosos \u2013 manifesta\u00e7\u00f5es p\u00fablicas ofensivas amplamente divulgadas em redes sociais\u201d, diz o pedido de Barroso.<\/p>\n\n\n\n<p><\/p>\n","protected":false},"excerpt":{"rendered":"<p>O ex-senador\u00a0Magno Malta, popular no Brasil por seus discursos acalorados enquanto parlamentar, participou do Conservative Political Action Conference (CPAC Brasil), evento conservador considerado o maior do mundo, ocorrido no \u00faltimo final de semana, em S\u00e3o Paulo. Na ocasi\u00e3o, Malta cobrou dos crist\u00e3os um posicionamento claro em rela\u00e7\u00e3o \u00e0 pol\u00edtica, argumentando que n\u00e3o d\u00e1 para ficar [&hellip;]<\/p>\n","protected":false},"author":2,"featured_media":11507,"comment_status":"open","ping_status":"open","sticky":false,"template":"","format":"standard","meta":[],"categories":[5],"tags":[14],"_links":{"self":[{"href":"https:\/\/dgospel.com.br\/portal\/index.php\/wp-json\/wp\/v2\/posts\/11506"}],"collection":[{"href":"https:\/\/dgospel.com.br\/portal\/index.php\/wp-json\/wp\/v2\/posts"}],"about":[{"href":"https:\/\/dgospel.com.br\/portal\/index.php\/wp-json\/wp\/v2\/types\/post"}],"author":[{"embeddable":true,"href":"https:\/\/dgospel.com.br\/portal\/index.php\/wp-json\/wp\/v2\/users\/2"}],"replies":[{"embeddable":true,"href":"https:\/\/dgospel.com.br\/portal\/index.php\/wp-json\/wp\/v2\/comments?post=11506"}],"version-history":[{"count":1,"href":"https:\/\/dgospel.com.br\/portal\/index.php\/wp-json\/wp\/v2\/posts\/11506\/revisions"}],"predecessor-version":[{"id":11508,"href":"https:\/\/dgospel.com.br\/portal\/index.php\/wp-json\/wp\/v2\/posts\/11506\/revisions\/11508"}],"wp:featuredmedia":[{"embeddable":true,"href":"https:\/\/dgospel.com.br\/portal\/index.php\/wp-json\/wp\/v2\/media\/11507"}],"wp:attachment":[{"href":"https:\/\/dgospel.com.br\/portal\/index.php\/wp-json\/wp\/v2\/media?parent=11506"}],"wp:term":[{"taxonomy":"category","embeddable":true,"href":"https:\/\/dgospel.com.br\/portal\/index.php\/wp-json\/wp\/v2\/categories?post=11506"},{"taxonomy":"post_tag","embeddable":true,"href":"https:\/\/dgospel.com.br\/portal\/index.php\/wp-json\/wp\/v2\/tags?post=11506"}],"curies":[{"name":"wp","href":"https:\/\/api.w.org\/{rel}","templated":true}]}}