{"id":1152,"date":"2018-08-30T16:05:17","date_gmt":"2018-08-30T19:05:17","guid":{"rendered":"http:\/\/dgospel.com.br\/portal\/?p=1152"},"modified":"2018-08-30T16:05:17","modified_gmt":"2018-08-30T19:05:17","slug":"carlesse-recebe-apoio-de-liderancas-de-itacaja-natividade-parana-e-palmas","status":"publish","type":"post","link":"https:\/\/dgospel.com.br\/portal\/index.php\/2018\/08\/30\/carlesse-recebe-apoio-de-liderancas-de-itacaja-natividade-parana-e-palmas\/","title":{"rendered":"Carlesse recebe apoio de lideran\u00e7as de Itacaj\u00e1, Natividade, Paran\u00e3 e Palmas"},"content":{"rendered":"<p class=\"yiv6272043242MsoNormal\">O governador e candidato \u00e0 reelei\u00e7\u00e3o, Mauro Carlesse (PHS), recebeu nesta quinta-feira, 30, l\u00edderes de diversas regi\u00f5es do estado no comit\u00ea da Coliga\u00e7\u00e3o Governo de Atitude, em Palmas. Durante as reuni\u00f5es, estiveram presentes os candidatos Jo\u00e3o Oliveira (PHS) e Josi Nunes (Pros).<\/p>\n<p class=\"yiv6272043242MsoNormal\">De Itacaj\u00e1, Mauro Carlesse conversou com o ex-prefeito do munic\u00edpio Manoel Pinheiro (PSDB), vereadores, ind\u00edgenas e l\u00edderes locais. O candidato ouviu dos presentes as demandas da regi\u00e3o e apresentou suas propostas.<\/p>\n<p class=\"yiv6272043242MsoNormal\">Em seguida, Carlesse se reuniu com formandos do curso de Oficial da Pol\u00edcia Militar. Na ocasi\u00e3o, foi informado que a formatura dos 69 militares ocorrer\u00e1 no dia 15 de novembro e foi convidado para ser o padrinho da turma. \u201cFiquei muito honrado com o convite e aceito sim ser o padrinho da turma de voc\u00eas\u201d, garantiu Mauro Carlesse.<\/p>\n<p class=\"yiv6272043242MsoNormal\">Outro compromisso da agenda foi o encontro com lideran\u00e7as da Capital. Cerca de 30 pessoas se reuniram para firmar apoio a Mauro Carlesse. \u201cO governador \u00e9 um homem de palavra, cumpre o que diz e \u00e9 por isso que estamos aqui para firmar o nosso apoio a ele\u201d, disse o presidente da Associa\u00e7\u00e3o de Feirantes da Regi\u00e3o Norte, Orivaldo Tomaz da Silva.<\/p>\n<p class=\"yiv6272043242MsoNormal\">Moradora da Quadra 1305 sul, Linete Cadete tamb\u00e9m \u00e9 uma das apoiadoras da campanha de Mauro Carlesse que esteve presente na reuni\u00e3o. \u201cApoio porque ele \u00e9 um homem humilde, gosta de gente e de olhar nos nossos olhos. Vamos manter o trabalho que j\u00e1 v\u00ednhamos fazendo desde a elei\u00e7\u00e3o suplementar\u201d, afirmou.<\/p>\n<p class=\"yiv6272043242MsoNormal\">Tamb\u00e9m foram atendidos por Carlesse representantes de Natividade. Eles trouxeram para o candidato um panorama da regi\u00e3o e firmaram apoio \u00e0 reelei\u00e7\u00e3o. \u201cO governador fala a nossa l\u00edngua e est\u00e1 preocupado em organizar a nossa regi\u00e3o sudeste, por isso tem o nosso apoio\u201d, disse Dilma Barbosa.<\/p>\n<p class=\"yiv6272043242MsoNormal\">\n<p class=\"yiv6272043242MsoNormal\">Como \u00faltimo compromisso da parte da manh\u00e3, Carlesse conversou com o prefeito de Paran\u00e3, Edson Nunes Lustosa (MDB) e vereadores. \u201cTemos recebido diariamente o apoio de pessoas de v\u00e1rias regi\u00f5es do estado e segmentos da sociedade. Depois de conseguirmos trazer a estabilidade para o estado, vamos em busca agora da gerar oportunidades para os tocantinenses. Queremos vencer no primeiro turno porque o estado n\u00e3o aguenta mais passar por tantas elei\u00e7\u00f5es. S\u00f3 conseguiremos alcan\u00e7ar esse objetivo com o apoio das pessoas\u201d, concluiu Carlesse.<\/p>\n","protected":false},"excerpt":{"rendered":"<p>O governador e candidato \u00e0 reelei\u00e7\u00e3o, Mauro Carlesse (PHS), recebeu nesta quinta-feira, 30, l\u00edderes de diversas regi\u00f5es do estado no comit\u00ea da Coliga\u00e7\u00e3o Governo de Atitude, em Palmas. Durante as reuni\u00f5es, estiveram presentes os candidatos Jo\u00e3o Oliveira (PHS) e Josi Nunes (Pros). De Itacaj\u00e1, Mauro Carlesse conversou com o ex-prefeito do munic\u00edpio Manoel Pinheiro (PSDB), [&hellip;]<\/p>\n","protected":false},"author":2,"featured_media":1153,"comment_status":"open","ping_status":"open","sticky":false,"template":"","format":"standard","meta":[],"categories":[2,4],"tags":[],"_links":{"self":[{"href":"https:\/\/dgospel.com.br\/portal\/index.php\/wp-json\/wp\/v2\/posts\/1152"}],"collection":[{"href":"https:\/\/dgospel.com.br\/portal\/index.php\/wp-json\/wp\/v2\/posts"}],"about":[{"href":"https:\/\/dgospel.com.br\/portal\/index.php\/wp-json\/wp\/v2\/types\/post"}],"author":[{"embeddable":true,"href":"https:\/\/dgospel.com.br\/portal\/index.php\/wp-json\/wp\/v2\/users\/2"}],"replies":[{"embeddable":true,"href":"https:\/\/dgospel.com.br\/portal\/index.php\/wp-json\/wp\/v2\/comments?post=1152"}],"version-history":[{"count":1,"href":"https:\/\/dgospel.com.br\/portal\/index.php\/wp-json\/wp\/v2\/posts\/1152\/revisions"}],"predecessor-version":[{"id":1154,"href":"https:\/\/dgospel.com.br\/portal\/index.php\/wp-json\/wp\/v2\/posts\/1152\/revisions\/1154"}],"wp:featuredmedia":[{"embeddable":true,"href":"https:\/\/dgospel.com.br\/portal\/index.php\/wp-json\/wp\/v2\/media\/1153"}],"wp:attachment":[{"href":"https:\/\/dgospel.com.br\/portal\/index.php\/wp-json\/wp\/v2\/media?parent=1152"}],"wp:term":[{"taxonomy":"category","embeddable":true,"href":"https:\/\/dgospel.com.br\/portal\/index.php\/wp-json\/wp\/v2\/categories?post=1152"},{"taxonomy":"post_tag","embeddable":true,"href":"https:\/\/dgospel.com.br\/portal\/index.php\/wp-json\/wp\/v2\/tags?post=1152"}],"curies":[{"name":"wp","href":"https:\/\/api.w.org\/{rel}","templated":true}]}}