{"id":11525,"date":"2022-06-17T15:53:50","date_gmt":"2022-06-17T18:53:50","guid":{"rendered":"http:\/\/dgospel.com.br\/portal\/?p=11525"},"modified":"2022-06-17T15:53:51","modified_gmt":"2022-06-17T18:53:51","slug":"jair-bolsonaro-propoe-cpi-da-petrobras-traicao-com-o-povo","status":"publish","type":"post","link":"https:\/\/dgospel.com.br\/portal\/index.php\/2022\/06\/17\/jair-bolsonaro-propoe-cpi-da-petrobras-traicao-com-o-povo\/","title":{"rendered":"Jair Bolsonaro prop\u00f5e CPI da Petrobras: \u201cTrai\u00e7\u00e3o com o povo\u201d"},"content":{"rendered":"\n<p> Logo ap\u00f3s a Petrobras anunciar novo aumento nos pre\u00e7os da gasolina e do diesel, o presidente Jair Bolsonaro (PL) defendeu a cria\u00e7\u00e3o de uma Comiss\u00e3o Parlamentar de Inqu\u00e9rito (CPI) para investigar o presidente, os diretores e os conselhos administrativo e fiscal da estatal. <\/p>\n\n\n\n<p> Em entrevista \u00e0 r\u00e1dio 96 FM, do Rio Grande do Norte, nesta sexta-feira (17), Bolsonaro considerou o reajuste uma \u201ctrai\u00e7\u00e3o para com o povo brasileiro\u201d. <\/p>\n\n\n\n<p>\u2013 \u00c9 trai\u00e7\u00e3o para com o povo brasileiro. O presidente, seus diretores e seu conselho tra\u00edram o povo. O lucro da Petrobras \u00e9 algo est\u00fapido. Ela lucra seis vezes mais que a m\u00e9dia das petroleiras de todo o mundo. Petroleiras fora do Brasil reduziram margem de lucro para atender os anseios da sua popula\u00e7\u00e3o num momento de crise \u2013 disse o presidente.<\/p>\n\n\n\n<p>O chefe do Executivo informou ainda ter conversado com o presidente da C\u00e2mara, Arthur Lira (PP-AL).<\/p>\n\n\n\n<p>\u2013 Conversei h\u00e1 poucos minutos com o Arthur Lira, ele est\u00e1 nesse momento reunido com l\u00edderes partid\u00e1rios. A ideia nossa \u00e9 propor uma CPI para investigarmos o presidente da Petrobras, os seus diretores e tamb\u00e9m o conselho administrativo e fiscal. Queremos saber se tem algo errado na conduta deles, porque \u00e9 inconceb\u00edvel se conceder um reajuste com crise e lucros exorbitantes que a Petrobras est\u00e1 tendo \u2013 prosseguiu o presidente.<\/p>\n\n\n\n<p>Arthur Lira, inclusive, j\u00e1 demonstrou sua insatisfa\u00e7\u00e3o com o comando da estatal, pedindo a ren\u00fancia do presidente.<\/p>\n\n\n\n<p>\u2013 O presidente da Petrobras tem que renunciar imediatamente. N\u00e3o por vontade pessoal minha, mas porque n\u00e3o representa o acionista majorit\u00e1rio da empresa \u2013 o Brasil \u2013 e, pior, trabalha sistematicamente contra o povo brasileiro na pior crise do pa\u00eds \u2013 disse Lira, em sua rede social.<\/p>\n","protected":false},"excerpt":{"rendered":"<p>Logo ap\u00f3s a Petrobras anunciar novo aumento nos pre\u00e7os da gasolina e do diesel, o presidente Jair Bolsonaro (PL) defendeu a cria\u00e7\u00e3o de uma Comiss\u00e3o Parlamentar de Inqu\u00e9rito (CPI) para investigar o presidente, os diretores e os conselhos administrativo e fiscal da estatal. Em entrevista \u00e0 r\u00e1dio 96 FM, do Rio Grande do Norte, nesta [&hellip;]<\/p>\n","protected":false},"author":2,"featured_media":11526,"comment_status":"open","ping_status":"open","sticky":false,"template":"","format":"standard","meta":[],"categories":[4],"tags":[13],"_links":{"self":[{"href":"https:\/\/dgospel.com.br\/portal\/index.php\/wp-json\/wp\/v2\/posts\/11525"}],"collection":[{"href":"https:\/\/dgospel.com.br\/portal\/index.php\/wp-json\/wp\/v2\/posts"}],"about":[{"href":"https:\/\/dgospel.com.br\/portal\/index.php\/wp-json\/wp\/v2\/types\/post"}],"author":[{"embeddable":true,"href":"https:\/\/dgospel.com.br\/portal\/index.php\/wp-json\/wp\/v2\/users\/2"}],"replies":[{"embeddable":true,"href":"https:\/\/dgospel.com.br\/portal\/index.php\/wp-json\/wp\/v2\/comments?post=11525"}],"version-history":[{"count":1,"href":"https:\/\/dgospel.com.br\/portal\/index.php\/wp-json\/wp\/v2\/posts\/11525\/revisions"}],"predecessor-version":[{"id":11527,"href":"https:\/\/dgospel.com.br\/portal\/index.php\/wp-json\/wp\/v2\/posts\/11525\/revisions\/11527"}],"wp:featuredmedia":[{"embeddable":true,"href":"https:\/\/dgospel.com.br\/portal\/index.php\/wp-json\/wp\/v2\/media\/11526"}],"wp:attachment":[{"href":"https:\/\/dgospel.com.br\/portal\/index.php\/wp-json\/wp\/v2\/media?parent=11525"}],"wp:term":[{"taxonomy":"category","embeddable":true,"href":"https:\/\/dgospel.com.br\/portal\/index.php\/wp-json\/wp\/v2\/categories?post=11525"},{"taxonomy":"post_tag","embeddable":true,"href":"https:\/\/dgospel.com.br\/portal\/index.php\/wp-json\/wp\/v2\/tags?post=11525"}],"curies":[{"name":"wp","href":"https:\/\/api.w.org\/{rel}","templated":true}]}}