{"id":11531,"date":"2022-06-17T16:03:55","date_gmt":"2022-06-17T19:03:55","guid":{"rendered":"http:\/\/dgospel.com.br\/portal\/?p=11531"},"modified":"2022-06-17T16:03:57","modified_gmt":"2022-06-17T19:03:57","slug":"lideres-religiosos-defendem-posicionamento-de-bruna-karla","status":"publish","type":"post","link":"https:\/\/dgospel.com.br\/portal\/index.php\/2022\/06\/17\/lideres-religiosos-defendem-posicionamento-de-bruna-karla\/","title":{"rendered":"L\u00edderes religiosos defendem posicionamento de Bruna Karla"},"content":{"rendered":"\n<p> Alvo de intoler\u00e2ncia religiosa nas redes sociais por causa de\u00a0<a rel=\"noreferrer noopener\" href=\"https:\/\/pleno.news\/comportamento\/bruna-karla-defende-a-biblia-e-sofre-intolerancia-religiosa.html\" target=\"_blank\">um coment\u00e1rio feito em dezembro do ano passado<\/a>\u00a0sobre n\u00e3o cantar no casamento de um amigo homossexual, a cantora\u00a0<a rel=\"noreferrer noopener\" href=\"https:\/\/pleno.news\/tag\/bruna-karla\" target=\"_blank\">Bruna Karla<\/a>\u00a0recebeu, nesta quinta-feira (16), o apoio de diversos l\u00edderes religiosos. <\/p>\n\n\n\n<p> Apesar de a fala da cantora ganhar repercuss\u00e3o nesta quinta, a entrevista, dada por ela ao podcast\u00a0<em>Positivamente<\/em>, da apresentadora Karina Bacchi, foi ao ar em dezembro do ano passado. Na ocasi\u00e3o, a cantora disse, com base na B\u00edblia, que o dia em que aceitasse cantar no casamento de dois homens teria que parar de cantar sobre Jesus. <\/p>\n\n\n\n<p> Apesar de a fala da cantora ganhar repercuss\u00e3o nesta quinta, a entrevista, dada por ela ao podcast\u00a0<em>Positivamente<\/em>, da apresentadora Karina Bacchi, foi ao ar em dezembro do ano passado. Na ocasi\u00e3o, a cantora disse, com base na B\u00edblia, que o dia em que aceitasse cantar no casamento de dois homens teria que parar de cantar sobre Jesus. <\/p>\n\n\n\n<figure class=\"wp-block-embed-youtube wp-block-embed is-type-video is-provider-youtube wp-embed-aspect-16-9 wp-has-aspect-ratio\"><div class=\"wp-block-embed__wrapper\">\n<iframe loading=\"lazy\" title=\"&quot;\u00c9 POR AMOR&quot; Bruna Karla e Karina Bacchi no Positivamente Podcast\" width=\"630\" height=\"354\" src=\"https:\/\/www.youtube.com\/embed\/j5FJ2KRmtQY?start=224&#038;feature=oembed\" frameborder=\"0\" allow=\"accelerometer; autoplay; clipboard-write; encrypted-media; gyroscope; picture-in-picture\" allowfullscreen title=\"\"\u00c9 POR AMOR\" Bruna Karla e Karina Bacchi no Positivamente Podcast\"><\/iframe>\n<\/div><\/figure>\n\n\n\n<p>A fala foi alvo de diversos ataques nas redes sociais, principalmente entre militantes da causa LGBT, mas tamb\u00e9m recebeu o apoio de crist\u00e3os e de l\u00edderes religiosos.<\/p>\n\n\n\n<p>Ao&nbsp;<strong>Pleno.News<\/strong>, o pastor Silas Malafaia, da Assembleia de Deus Vit\u00f3ria em Cristo (ADVEC), defendeu a cantora e disse que \u00e9 direito dela cantar onde quiser.<\/p>\n\n\n\n<p>\u2013 Estamos em uma democracia, ela \u00e9 livre pra cantar onde ela quer e n\u00e3o onde os outros determinam. Que pa\u00eds \u00e9 esse? Que quest\u00f5es s\u00e3o essas? Voc\u00ea \u00e9 livre pra ir pra vida, isso \u00e9 princ\u00edpio, constitucional, democr\u00e1tico. Liberdade da pessoa. Qual \u00e9 o problema? Ela tem o direito de querer cantar e n\u00e3o cantar \u2013 apontou Malafaia.<\/p>\n\n\n\n<p>O pastor Davi G\u00f3es, do Minist\u00e9rio Cana\u00e3, afirmou que viu a declara\u00e7\u00e3o como um ato de coragem da cantora e refor\u00e7ou que o posicionamento de Bruna representou uma defesa do Evangelho. Algo que, de acordo com ele, estaria em falta no meio evang\u00e9lico por medo do chamado \u201ccancelamento\u201d.<\/p>\n\n\n\n<p>\u2013 N\u00e3o vejo nada de mais no que ela falou, ela apenas citou o que a Palavra nos ensina, ela apenas defendeu o Evangelho, que \u00e9 o que exatamente est\u00e1 faltando no mundo evang\u00e9lico. Cantores e pastores t\u00eam se exclu\u00eddo, ficado em cima do muro, para n\u00e3o emitir a opini\u00e3o e n\u00e3o ser cancelado na internet \u2013 declarou.<\/p>\n\n\n\n<p>Para o pastor Renato Vargens, que \u00e9 colunista do Pleno.News e pastor s\u00eanior da Igreja Crist\u00e3 da Alian\u00e7a em Niter\u00f3i, no Rio de Janeiro, Bruna&nbsp;<a href=\"https:\/\/pleno.news\/opiniao\/renato-vargens\/bruna-karla-e-a-intolerancia-dos-tolerantes.html\" target=\"_blank\" rel=\"noreferrer noopener\">tem o direito de exercer liberdade de f\u00e9 e cren\u00e7a<\/a>, algo que \u00e9 previsto na Constitui\u00e7\u00e3o, mas tem sido afrontada, em raz\u00e3o de sua opini\u00e3o, justamente \u201cpor aqueles que se dizem tolerantes\u201d.<\/p>\n\n\n\n<p>\u2013 Tenho visto os defensores da toler\u00e2ncia reagindo com intoler\u00e2ncia aos que pensam diferente. Nessa perspectiva, quando contrariados, os que deveriam ser tolerantes respondem aos conservadores denominados por eles \u201cintolerantes\u201d com ironia, deboche e cancelamento nas redes sociais \u2013 escreveu Vargens.<\/p>\n\n\n\n<p>J\u00e1 o deputado federal e pastor Marco Feliciano (PL-SP) declarou que \u201cestamos vivendo tempos malucos, onde n\u00e3o se respeita a vontade de uma pessoa\u201d. Para ele, n\u00e3o existe qualquer resqu\u00edcio de homofobia na fala de Bruna, mas sim \u201ccoer\u00eancia com seus princ\u00edpios b\u00edblicos\u201d.<\/p>\n\n\n\n<p>\u2013 Todos temos o direito de n\u00e3o concordar em participar de atos p\u00fablicos contr\u00e1rios aos nossos princ\u00edpios. Antes e acima de qualquer liberdade individual, est\u00e1 a liberdade de pensamento! (\u2026). \u00c0 minha amiga e irm\u00e3 em Cristo, Bruna Karla, deixo meu incondicional apoio, pois em mat\u00e9ria de f\u00e9 n\u00e3o transigimos um mil\u00edmetro sequer! \u2013 completou.<\/p>\n","protected":false},"excerpt":{"rendered":"<p>Alvo de intoler\u00e2ncia religiosa nas redes sociais por causa de\u00a0um coment\u00e1rio feito em dezembro do ano passado\u00a0sobre n\u00e3o cantar no casamento de um amigo homossexual, a cantora\u00a0Bruna Karla\u00a0recebeu, nesta quinta-feira (16), o apoio de diversos l\u00edderes religiosos. Apesar de a fala da cantora ganhar repercuss\u00e3o nesta quinta, a entrevista, dada por ela ao podcast\u00a0Positivamente, da [&hellip;]<\/p>\n","protected":false},"author":2,"featured_media":11532,"comment_status":"open","ping_status":"open","sticky":false,"template":"","format":"standard","meta":[],"categories":[17,5],"tags":[],"_links":{"self":[{"href":"https:\/\/dgospel.com.br\/portal\/index.php\/wp-json\/wp\/v2\/posts\/11531"}],"collection":[{"href":"https:\/\/dgospel.com.br\/portal\/index.php\/wp-json\/wp\/v2\/posts"}],"about":[{"href":"https:\/\/dgospel.com.br\/portal\/index.php\/wp-json\/wp\/v2\/types\/post"}],"author":[{"embeddable":true,"href":"https:\/\/dgospel.com.br\/portal\/index.php\/wp-json\/wp\/v2\/users\/2"}],"replies":[{"embeddable":true,"href":"https:\/\/dgospel.com.br\/portal\/index.php\/wp-json\/wp\/v2\/comments?post=11531"}],"version-history":[{"count":1,"href":"https:\/\/dgospel.com.br\/portal\/index.php\/wp-json\/wp\/v2\/posts\/11531\/revisions"}],"predecessor-version":[{"id":11533,"href":"https:\/\/dgospel.com.br\/portal\/index.php\/wp-json\/wp\/v2\/posts\/11531\/revisions\/11533"}],"wp:featuredmedia":[{"embeddable":true,"href":"https:\/\/dgospel.com.br\/portal\/index.php\/wp-json\/wp\/v2\/media\/11532"}],"wp:attachment":[{"href":"https:\/\/dgospel.com.br\/portal\/index.php\/wp-json\/wp\/v2\/media?parent=11531"}],"wp:term":[{"taxonomy":"category","embeddable":true,"href":"https:\/\/dgospel.com.br\/portal\/index.php\/wp-json\/wp\/v2\/categories?post=11531"},{"taxonomy":"post_tag","embeddable":true,"href":"https:\/\/dgospel.com.br\/portal\/index.php\/wp-json\/wp\/v2\/tags?post=11531"}],"curies":[{"name":"wp","href":"https:\/\/api.w.org\/{rel}","templated":true}]}}