{"id":11538,"date":"2022-06-17T16:21:00","date_gmt":"2022-06-17T19:21:00","guid":{"rendered":"http:\/\/dgospel.com.br\/portal\/?p=11538"},"modified":"2022-06-17T16:21:01","modified_gmt":"2022-06-17T19:21:01","slug":"justica-investiga-lula-por-declaracoes-contra-bolsonaro","status":"publish","type":"post","link":"https:\/\/dgospel.com.br\/portal\/index.php\/2022\/06\/17\/justica-investiga-lula-por-declaracoes-contra-bolsonaro\/","title":{"rendered":"Justi\u00e7a investiga Lula por declara\u00e7\u00f5es contra Bolsonaro"},"content":{"rendered":"\n<p>A Justi\u00e7a do Distrito Federal acolheu, nesta quinta-feira (16), peti\u00e7\u00e3o feita pelo Minist\u00e9rio da Justi\u00e7a para abrir um procedimento de apura\u00e7\u00e3o da legalidade de falas do ex-presidente Luiz In\u00e1cio Lula da Silva contra Jair Bolsonaro. A informa\u00e7\u00e3o \u00e9 do portal Metr\u00f3poles.<\/p>\n\n\n\n<p>A a\u00e7\u00e3o da pasta, que j\u00e1 era de conhecimento p\u00fablico desde o in\u00edcio da semana, \u00e9 baseada num pedido feito pelo deputado federal Ubiratan Sanderson (PL), que cita declara\u00e7\u00f5es de Lula proferidas em duas ocasi\u00f5es distintas.<\/p>\n\n\n\n<p>A primeira fala ocorreu logo ap\u00f3s sua sa\u00edda da cadeia, em 20 de novembro 2019, quando o pr\u00e9-candidato \u00e0 Presid\u00eancia chamou Bolsonaro de \u201cmiliciano\u201d e o culpou pelo assassinato da vereadora do Rio de Janeiro, Marielle Franco, ocorrido em 2018.<\/p>\n\n\n\n<p>\u2013 N\u00e3o \u00e9 poss\u00edvel que o pa\u00eds do tamanho do Brasil tenha o desprazer de ter no governo um miliciano respons\u00e1vel direto pela viol\u00eancia contra o povo pobre, respons\u00e1veis pela morte da Marielle, respons\u00e1vel pelo impeachment da Dilma, respons\u00e1vel por mentir a meu respeito \u2013 disse o petista.<\/p>\n\n\n\n<p>A segunda declara\u00e7\u00e3o foi mais recente, em 15 de abril de 2022. Na oportunidade, Lula alfinetou Bolsonaro por causa de motociata, realizada em S\u00e3o Paulo, e citou \u201cgasolina cara\u201d e \u201cinfla\u00e7\u00e3o nas alturas\u201d.<\/p>\n\n\n\n<p>Segundo o requerimento, Lula teria cometido cal\u00fania, inj\u00faria, incita\u00e7\u00e3o criminosa e apologia ao crime. Em termos t\u00e9cnicos, o pedido do Minist\u00e9rio P\u00fablico \u00e9 um \u201ctermo circunstanciado\u201d, a\u00e7\u00e3o penal que envolve crime de menor potencial ofensivo.<\/p>\n","protected":false},"excerpt":{"rendered":"<p>A Justi\u00e7a do Distrito Federal acolheu, nesta quinta-feira (16), peti\u00e7\u00e3o feita pelo Minist\u00e9rio da Justi\u00e7a para abrir um procedimento de apura\u00e7\u00e3o da legalidade de falas do ex-presidente Luiz In\u00e1cio Lula da Silva contra Jair Bolsonaro. A informa\u00e7\u00e3o \u00e9 do portal Metr\u00f3poles. A a\u00e7\u00e3o da pasta, que j\u00e1 era de conhecimento p\u00fablico desde o in\u00edcio da [&hellip;]<\/p>\n","protected":false},"author":2,"featured_media":11539,"comment_status":"open","ping_status":"open","sticky":false,"template":"","format":"standard","meta":[],"categories":[4],"tags":[14],"_links":{"self":[{"href":"https:\/\/dgospel.com.br\/portal\/index.php\/wp-json\/wp\/v2\/posts\/11538"}],"collection":[{"href":"https:\/\/dgospel.com.br\/portal\/index.php\/wp-json\/wp\/v2\/posts"}],"about":[{"href":"https:\/\/dgospel.com.br\/portal\/index.php\/wp-json\/wp\/v2\/types\/post"}],"author":[{"embeddable":true,"href":"https:\/\/dgospel.com.br\/portal\/index.php\/wp-json\/wp\/v2\/users\/2"}],"replies":[{"embeddable":true,"href":"https:\/\/dgospel.com.br\/portal\/index.php\/wp-json\/wp\/v2\/comments?post=11538"}],"version-history":[{"count":1,"href":"https:\/\/dgospel.com.br\/portal\/index.php\/wp-json\/wp\/v2\/posts\/11538\/revisions"}],"predecessor-version":[{"id":11540,"href":"https:\/\/dgospel.com.br\/portal\/index.php\/wp-json\/wp\/v2\/posts\/11538\/revisions\/11540"}],"wp:featuredmedia":[{"embeddable":true,"href":"https:\/\/dgospel.com.br\/portal\/index.php\/wp-json\/wp\/v2\/media\/11539"}],"wp:attachment":[{"href":"https:\/\/dgospel.com.br\/portal\/index.php\/wp-json\/wp\/v2\/media?parent=11538"}],"wp:term":[{"taxonomy":"category","embeddable":true,"href":"https:\/\/dgospel.com.br\/portal\/index.php\/wp-json\/wp\/v2\/categories?post=11538"},{"taxonomy":"post_tag","embeddable":true,"href":"https:\/\/dgospel.com.br\/portal\/index.php\/wp-json\/wp\/v2\/tags?post=11538"}],"curies":[{"name":"wp","href":"https:\/\/api.w.org\/{rel}","templated":true}]}}