{"id":11541,"date":"2022-06-17T16:37:26","date_gmt":"2022-06-17T19:37:26","guid":{"rendered":"http:\/\/dgospel.com.br\/portal\/?p=11541"},"modified":"2022-06-17T16:37:28","modified_gmt":"2022-06-17T19:37:28","slug":"justica-decide-bloquear-bens-do-pcc-e-de-contador-ligado-a-lula","status":"publish","type":"post","link":"https:\/\/dgospel.com.br\/portal\/index.php\/2022\/06\/17\/justica-decide-bloquear-bens-do-pcc-e-de-contador-ligado-a-lula\/","title":{"rendered":"Justi\u00e7a decide bloquear bens do PCC e de contador ligado a Lula"},"content":{"rendered":"\n<p>A 1\u00aa Vara de Crimes Tribut\u00e1rios, Organiza\u00e7\u00e3o Criminosa e Lavagem de Dinheiro de&nbsp;<a href=\"http:\/\/pleno.news\/tag\/sao-paulo\" target=\"_blank\" rel=\"noreferrer noopener\">S\u00e3o Paulo<\/a>&nbsp;determinou o bloqueio de R$ 40 milh\u00f5es em im\u00f3veis e \u00f4nibus de integrantes do PCC e do contador Jo\u00e3o Muniz Leite, que foi respons\u00e1vel pelo Imposto de Renda do ex-presidente&nbsp;<a href=\"http:\/\/pleno.news\/tag\/lula\" target=\"_blank\" rel=\"noreferrer noopener\">Lula<\/a>&nbsp;(PT) e, at\u00e9 hoje, cuida da contabilidade e divide sala com empresas do filho do petista, F\u00e1bio Lu\u00eds, o Lulinha.<\/p>\n\n\n\n<p>O contador \u00e9 suspeito de ser o \u201coperador de um complexo esquema de lavagem de dinheiro atrav\u00e9s de pr\u00eamios da Loteria Federal\u201d. Muniz, ao lado da esposa, ganhou em loterias federais 55 vezes somente no ano de 2021. Segundo a contagem final da Pol\u00edcia Civil, o montante lavado pelo contador em pr\u00eamios na loteria chegou aos R$ 40 milh\u00f5es.<\/p>\n\n\n\n<p>Dessa quantia, R$ 16 milh\u00f5es ficaram com o contador e o restante teria ficado com o traficante de drogas Anselmo Becheli Santa Fausta, o Cara Preta, morto em dezembro de 2021 durante uma emboscada na Zona Leste de S\u00e3o Paulo.<\/p>\n\n\n\n<p>Al\u00e9m de Muniz, a decis\u00e3o judicial atinge o pr\u00f3prio Santa Fausta, que era considerado um dos principais fornecedores de drogas do Primeiro Comando da Capital (PCC), e o s\u00f3cio dele, Silvio Luiz Ferreira, o Cebola. O bloqueio determinado pela Justi\u00e7a atingiu 250 \u00f4nibus da UPBus, a empresa de \u00f4nibus comprada por Santa Fausta supostamente com o dinheiro lavado nas loterias.<\/p>\n\n\n\n<p>A UPBus mant\u00e9m contrato de R$ 660 milh\u00f5es com a Prefeitura de S\u00e3o Paulo e toma conta de 13 linhas de \u00f4nibus na zona leste da capital. Al\u00e9m de Santa Fausta, Cebola, que est\u00e1 foragido, faz parte da diretoria da empresa. O sequestro dos \u00f4nibus e n\u00e3o das contas da empresa serviu para que ela n\u00e3o paralise seu funcionamento, prejudicando os usu\u00e1rios.<\/p>\n\n\n\n<p><strong>LIGA\u00c7\u00c3O COM LULA<br><\/strong>O ex-presidente Lula n\u00e3o \u00e9 alvo da investiga\u00e7\u00e3o. Muniz \u00e9 contador da fam\u00edlia do ex-presidente at\u00e9 os dias atuais. Levam o logo da JML Assessoria Cont\u00e1bil e Fiscal os documentos de cadastro, na Junta Comercial de S\u00e3o Paulo, em fevereiro de 2022, da mais recente empresa criada por Lulinha, a LLF Tech Participa\u00e7\u00f5es LTDA, sediada no apartamento onde o filho do ex-presidente reside.<\/p>\n\n\n\n<p>O im\u00f3vel em quest\u00e3o est\u00e1 em nome do empres\u00e1rio Jonas Suassuna, que foi s\u00f3cio de Lulinha e propriet\u00e1rio formal do s\u00edtio Santa B\u00e1rbara, em Atibaia, propriedade em raz\u00e3o da qual Lula foi processado na Lava Jato.<\/p>\n\n\n\n<p>Ao jornal O Estado de S\u00e3o Paulo, o advogado de Jo\u00e3o Muniz, Jorge Delmanto, afirmou que vai \u201cacessar o processo\u201d, para, ent\u00e3o se manifestar sobre a investiga\u00e7\u00e3o, mas defendeu que a empresa de Muniz \u00e9 \u201cvoltada ao profissionalismo, legalidade, [tem conduta] ilibada e com postura \u00e9tica em todos os casos\u201d, disse.<\/p>\n\n\n\n<p>O ve\u00edculo procurou ainda a assessoria de Lula e a sua defesa e a de seu filho. O advogado Cristiano Zanin Martins, que defende Lula, disse n\u00e3o saber se Muniz ainda presta servi\u00e7os para o petista. O criminalista F\u00e1bio Tofic, que defende Lulinha, n\u00e3o se manifestou. A defesa da fam\u00edlia Santa Fausta e dos demais integrantes do PCC n\u00e3o foi localizada.<\/p>\n\n\n\n<p>*AE<\/p>\n","protected":false},"excerpt":{"rendered":"<p>A 1\u00aa Vara de Crimes Tribut\u00e1rios, Organiza\u00e7\u00e3o Criminosa e Lavagem de Dinheiro de&nbsp;S\u00e3o Paulo&nbsp;determinou o bloqueio de R$ 40 milh\u00f5es em im\u00f3veis e \u00f4nibus de integrantes do PCC e do contador Jo\u00e3o Muniz Leite, que foi respons\u00e1vel pelo Imposto de Renda do ex-presidente&nbsp;Lula&nbsp;(PT) e, at\u00e9 hoje, cuida da contabilidade e divide sala com empresas do [&hellip;]<\/p>\n","protected":false},"author":2,"featured_media":11542,"comment_status":"open","ping_status":"open","sticky":false,"template":"","format":"standard","meta":[],"categories":[4],"tags":[],"_links":{"self":[{"href":"https:\/\/dgospel.com.br\/portal\/index.php\/wp-json\/wp\/v2\/posts\/11541"}],"collection":[{"href":"https:\/\/dgospel.com.br\/portal\/index.php\/wp-json\/wp\/v2\/posts"}],"about":[{"href":"https:\/\/dgospel.com.br\/portal\/index.php\/wp-json\/wp\/v2\/types\/post"}],"author":[{"embeddable":true,"href":"https:\/\/dgospel.com.br\/portal\/index.php\/wp-json\/wp\/v2\/users\/2"}],"replies":[{"embeddable":true,"href":"https:\/\/dgospel.com.br\/portal\/index.php\/wp-json\/wp\/v2\/comments?post=11541"}],"version-history":[{"count":1,"href":"https:\/\/dgospel.com.br\/portal\/index.php\/wp-json\/wp\/v2\/posts\/11541\/revisions"}],"predecessor-version":[{"id":11543,"href":"https:\/\/dgospel.com.br\/portal\/index.php\/wp-json\/wp\/v2\/posts\/11541\/revisions\/11543"}],"wp:featuredmedia":[{"embeddable":true,"href":"https:\/\/dgospel.com.br\/portal\/index.php\/wp-json\/wp\/v2\/media\/11542"}],"wp:attachment":[{"href":"https:\/\/dgospel.com.br\/portal\/index.php\/wp-json\/wp\/v2\/media?parent=11541"}],"wp:term":[{"taxonomy":"category","embeddable":true,"href":"https:\/\/dgospel.com.br\/portal\/index.php\/wp-json\/wp\/v2\/categories?post=11541"},{"taxonomy":"post_tag","embeddable":true,"href":"https:\/\/dgospel.com.br\/portal\/index.php\/wp-json\/wp\/v2\/tags?post=11541"}],"curies":[{"name":"wp","href":"https:\/\/api.w.org\/{rel}","templated":true}]}}