{"id":11544,"date":"2022-06-21T11:34:22","date_gmt":"2022-06-21T14:34:22","guid":{"rendered":"http:\/\/dgospel.com.br\/portal\/?p=11544"},"modified":"2022-06-21T11:34:23","modified_gmt":"2022-06-21T14:34:23","slug":"ministro-da-defesa-afirma-que-vai-indicar-militares-que-fiscalizarao-urnas","status":"publish","type":"post","link":"https:\/\/dgospel.com.br\/portal\/index.php\/2022\/06\/21\/ministro-da-defesa-afirma-que-vai-indicar-militares-que-fiscalizarao-urnas\/","title":{"rendered":"Ministro da Defesa afirma que vai indicar militares que fiscalizar\u00e3o urnas"},"content":{"rendered":"\n<p> O ministro da Defesa, Paulo S\u00e9rgio Nogueira, enviou um novo of\u00edcio na noite desta segunda-feira (20) ao presidente do Tribunal Superior Eleitoral (<a rel=\"noreferrer noopener\" href=\"http:\/\/pleno.news\/tag\/tse\" target=\"_blank\">TSE<\/a>), Edson Fachin, no qual informa que encaminhar\u00e1 nomes de t\u00e9cnicos militares para atuarem como representantes das For\u00e7as Armadas na fiscaliza\u00e7\u00e3o das urnas eletr\u00f4nicas. <\/p>\n\n\n\n<p> \u00a0documento enviado a\u00a0<a rel=\"noreferrer noopener\" href=\"http:\/\/pleno.news\/tag\/edson-fachin\" target=\"_blank\">Fachin<\/a>, o ministro da Defesa diz que \u201ca participa\u00e7\u00e3o das For\u00e7as Armadas como entidade fiscalizadora do sistema eletr\u00f4nico de vota\u00e7\u00e3o\u201d ocorrer\u00e1 de \u201cforma conjunta\u201d, por meio de uma equipe de t\u00e9cnicos militares que o Minist\u00e9rio ficar\u00e1 respons\u00e1vel por nomear. <\/p>\n\n\n\n<p>O ministro da Defesa ainda solicitou que o TSE indique um servidor do tribunal \u201cpara atuar como ponto de contato\u201d com os militares, \u201ca fim de facilitar a coordena\u00e7\u00e3o das a\u00e7\u00f5es que efetivem a aludida participa\u00e7\u00e3o\u201d.<\/p>\n\n\n\n<p>Durante reuni\u00e3o, nesta segunda, com os membros da Comiss\u00e3o de Transpar\u00eancia Eleitoral (CTE), Fachin afirmou que o pol\u00edtico que duvida do seu eleitor n\u00e3o \u00e9 digno do mandato que exerce e desonra a hist\u00f3ria da democracia. Para o magistrado, quem lan\u00e7a d\u00favidas sobre o sistema eleitoral, na verdade, questiona as escolhas dos eleitores.<\/p>\n\n\n\n<p>\u2013 A Justi\u00e7a Eleitoral est\u00e1 preparada para conduzir as elei\u00e7\u00f5es de 2022 de forma limpa e transparente, como vem fazendo nos \u00faltimos 90 anos \u2013 declarou o ministro.<\/p>\n\n\n\n<p>Pouco antes da reuni\u00e3o, Nogueira respondeu ao presidente do TSE que o representante das For\u00e7as Armadas participaria do evento, mas refor\u00e7ou o pedido feito \u00e0 Corte de que ocorra um encontro privado entre os t\u00e9cnicos militares e a Justi\u00e7a Eleitoral para tratar das propostas da Defesa sobre o funcionamento das elei\u00e7\u00f5es neste ano.<\/p>\n\n\n\n<p>*AE<\/p>\n","protected":false},"excerpt":{"rendered":"<p>O ministro da Defesa, Paulo S\u00e9rgio Nogueira, enviou um novo of\u00edcio na noite desta segunda-feira (20) ao presidente do Tribunal Superior Eleitoral (TSE), Edson Fachin, no qual informa que encaminhar\u00e1 nomes de t\u00e9cnicos militares para atuarem como representantes das For\u00e7as Armadas na fiscaliza\u00e7\u00e3o das urnas eletr\u00f4nicas. \u00a0documento enviado a\u00a0Fachin, o ministro da Defesa diz que [&hellip;]<\/p>\n","protected":false},"author":2,"featured_media":11545,"comment_status":"open","ping_status":"open","sticky":false,"template":"","format":"standard","meta":[],"categories":[4],"tags":[14],"_links":{"self":[{"href":"https:\/\/dgospel.com.br\/portal\/index.php\/wp-json\/wp\/v2\/posts\/11544"}],"collection":[{"href":"https:\/\/dgospel.com.br\/portal\/index.php\/wp-json\/wp\/v2\/posts"}],"about":[{"href":"https:\/\/dgospel.com.br\/portal\/index.php\/wp-json\/wp\/v2\/types\/post"}],"author":[{"embeddable":true,"href":"https:\/\/dgospel.com.br\/portal\/index.php\/wp-json\/wp\/v2\/users\/2"}],"replies":[{"embeddable":true,"href":"https:\/\/dgospel.com.br\/portal\/index.php\/wp-json\/wp\/v2\/comments?post=11544"}],"version-history":[{"count":1,"href":"https:\/\/dgospel.com.br\/portal\/index.php\/wp-json\/wp\/v2\/posts\/11544\/revisions"}],"predecessor-version":[{"id":11546,"href":"https:\/\/dgospel.com.br\/portal\/index.php\/wp-json\/wp\/v2\/posts\/11544\/revisions\/11546"}],"wp:featuredmedia":[{"embeddable":true,"href":"https:\/\/dgospel.com.br\/portal\/index.php\/wp-json\/wp\/v2\/media\/11545"}],"wp:attachment":[{"href":"https:\/\/dgospel.com.br\/portal\/index.php\/wp-json\/wp\/v2\/media?parent=11544"}],"wp:term":[{"taxonomy":"category","embeddable":true,"href":"https:\/\/dgospel.com.br\/portal\/index.php\/wp-json\/wp\/v2\/categories?post=11544"},{"taxonomy":"post_tag","embeddable":true,"href":"https:\/\/dgospel.com.br\/portal\/index.php\/wp-json\/wp\/v2\/tags?post=11544"}],"curies":[{"name":"wp","href":"https:\/\/api.w.org\/{rel}","templated":true}]}}