{"id":1155,"date":"2018-08-30T18:20:31","date_gmt":"2018-08-30T21:20:31","guid":{"rendered":"http:\/\/dgospel.com.br\/portal\/?p=1155"},"modified":"2018-08-30T18:20:31","modified_gmt":"2018-08-30T21:20:31","slug":"apos-dispensar-escolta-prefeito-de-miracema-e-encontrado-morto","status":"publish","type":"post","link":"https:\/\/dgospel.com.br\/portal\/index.php\/2018\/08\/30\/apos-dispensar-escolta-prefeito-de-miracema-e-encontrado-morto\/","title":{"rendered":"Ap\u00f3s dispensar escolta prefeito de Miracema \u00e9 encontrado morto"},"content":{"rendered":"<p>O prefeito de Miracema do Tocantins, Mois\u00e9s Costa da Silva (MDB), conhecido como Mois\u00e9s da Sercon, foi encontrado morto na tarde desta quinta-feira (30). Segundo funcion\u00e1rios do munic\u00edpio, ele estava em Miranorte e dispensou a escolta policial que sempre o acompanha para fazer uma visita ao prefeito Ant\u00f4nio Carlos Martins (MDB). As cidades s\u00e3o vizinhas.<\/p>\n<p style=\"font-style: inherit; font-weight: inherit;\" data-track-category=\"Link no Texto\" data-track-links=\"\">Isso aconteceu por volta das 11h. Os funcion\u00e1rios e a escolta ficaram aguardando Mois\u00e9s Costa em um posto de combust\u00edveis, mas ele n\u00e3o retornou. Ainda n\u00e3o foi confirmado se ele chegou a falar com o prefeito de Miranorte.<\/p>\n<p style=\"font-style: inherit; font-weight: inherit;\" data-track-category=\"Link no Texto\" data-track-links=\"\">O corpo foi localizado horas mais tarde dentro da caminhonete dele em uma rodovia que liga Miranorte a Rio dos Bois. A Pol\u00edcia Militar informou que ele estava sentado dentro da caminhonete e que tinha uma marca de tiro na cabe\u00e7a.<\/p>\n<p style=\"font-style: inherit; font-weight: inherit;\" data-track-category=\"Link no Texto\" data-track-links=\"\">Um rev\u00f3lver 38 tamb\u00e9m foi encontrado com a v\u00edtima. A per\u00edcia foi chamada para o local.<\/p>\n<p style=\"font-style: inherit; font-weight: inherit;\" data-track-category=\"Link no Texto\" data-track-links=\"\">Mois\u00e9s Costa da Silva tinha 44 anos, era casado e trabalhou como empres\u00e1rio e contador em Miracema. Ele se candidatou a um cargo p\u00fablico pela primeira vez em 2016. Foi eleito prefeito de Miracema com 84% dos votos v\u00e1lidos e estava no primeiro mandato.<\/p>\n<p data-track-category=\"Link no Texto\" data-track-links=\"\">Fonte:\u00a0\u00a0G1 Tocantins<\/p>\n<p><strong>\u00a0<\/strong><\/p>\n<p>&nbsp;<\/p>\n<p>&nbsp;<\/p>\n","protected":false},"excerpt":{"rendered":"<p>O prefeito de Miracema do Tocantins, Mois\u00e9s Costa da Silva (MDB), conhecido como Mois\u00e9s da Sercon, foi encontrado morto na tarde desta quinta-feira (30). Segundo funcion\u00e1rios do munic\u00edpio, ele estava em Miranorte e dispensou a escolta policial que sempre o acompanha para fazer uma visita ao prefeito Ant\u00f4nio Carlos Martins (MDB). As cidades s\u00e3o vizinhas. [&hellip;]<\/p>\n","protected":false},"author":2,"featured_media":1156,"comment_status":"open","ping_status":"open","sticky":false,"template":"","format":"standard","meta":[],"categories":[2,3],"tags":[],"_links":{"self":[{"href":"https:\/\/dgospel.com.br\/portal\/index.php\/wp-json\/wp\/v2\/posts\/1155"}],"collection":[{"href":"https:\/\/dgospel.com.br\/portal\/index.php\/wp-json\/wp\/v2\/posts"}],"about":[{"href":"https:\/\/dgospel.com.br\/portal\/index.php\/wp-json\/wp\/v2\/types\/post"}],"author":[{"embeddable":true,"href":"https:\/\/dgospel.com.br\/portal\/index.php\/wp-json\/wp\/v2\/users\/2"}],"replies":[{"embeddable":true,"href":"https:\/\/dgospel.com.br\/portal\/index.php\/wp-json\/wp\/v2\/comments?post=1155"}],"version-history":[{"count":1,"href":"https:\/\/dgospel.com.br\/portal\/index.php\/wp-json\/wp\/v2\/posts\/1155\/revisions"}],"predecessor-version":[{"id":1157,"href":"https:\/\/dgospel.com.br\/portal\/index.php\/wp-json\/wp\/v2\/posts\/1155\/revisions\/1157"}],"wp:featuredmedia":[{"embeddable":true,"href":"https:\/\/dgospel.com.br\/portal\/index.php\/wp-json\/wp\/v2\/media\/1156"}],"wp:attachment":[{"href":"https:\/\/dgospel.com.br\/portal\/index.php\/wp-json\/wp\/v2\/media?parent=1155"}],"wp:term":[{"taxonomy":"category","embeddable":true,"href":"https:\/\/dgospel.com.br\/portal\/index.php\/wp-json\/wp\/v2\/categories?post=1155"},{"taxonomy":"post_tag","embeddable":true,"href":"https:\/\/dgospel.com.br\/portal\/index.php\/wp-json\/wp\/v2\/tags?post=1155"}],"curies":[{"name":"wp","href":"https:\/\/api.w.org\/{rel}","templated":true}]}}