{"id":11554,"date":"2022-06-21T16:25:28","date_gmt":"2022-06-21T19:25:28","guid":{"rendered":"http:\/\/dgospel.com.br\/portal\/?p=11554"},"modified":"2022-06-21T16:25:29","modified_gmt":"2022-06-21T19:25:29","slug":"desembargador-defende-bruna-karla-de-ataques-discordar-nao-e-fobia-mas-um-direito","status":"publish","type":"post","link":"https:\/\/dgospel.com.br\/portal\/index.php\/2022\/06\/21\/desembargador-defende-bruna-karla-de-ataques-discordar-nao-e-fobia-mas-um-direito\/","title":{"rendered":"Desembargador defende Bruna Karla de ataques: \u201cDiscordar n\u00e3o \u00e9 fobia, mas um direito"},"content":{"rendered":"\n<p> Desde que se posicionou em defesa do que a B\u00edblia ensina sobre a pr\u00e1tica homossexual, a cantora Bruna Karla vem sendo alvo de ataques de \u00f3dio e intoler\u00e2ncia por parte de quem, ironicamente, alega defender justamente o respeito \u00e0 diversidade de pensamento no Brasil.<\/p>\n\n\n\n<p>Felizmente, o n\u00famero de pessoas reconhecidas que resolveu&nbsp;<a href=\"https:\/\/noticias.gospelmais.com.br\/pastores-elogiam-bruna-karla-esta-certa-155368.html\">sair em defesa de Bruna Karla<\/a>&nbsp;tamb\u00e9m \u00e9 de chamar aten\u00e7\u00e3o. Entre essas est\u00e1 o desembargador federal e pastor evang\u00e9lico William Douglas, considerado um dos nomes mais respeitados no mundo jur\u00eddico brasileiro, bem como no teol\u00f3gico.<\/p>\n\n\n\n<p>Douglas comentou sobre a intoler\u00e2ncia sofrida pela cantora gospel, classificando a rea\u00e7\u00e3o como \u201cum absurdo\u201d. Ele explicou que a diverg\u00eancia sobre os mais diversos assuntos \u00e9 natural, sendo o respeito ao contradit\u00f3rio algo vital numa sociedade democr\u00e1tica.<\/p>\n\n\n\n<p>\u201cTodos n\u00f3s temos amigos com vis\u00f5es de mundo diferentes, as quais respeitamos, mas n\u00e3o aderimos\u201d, disse ele ao Pleno News. \u201cQuando algu\u00e9m n\u00e3o aceita um convite meu para ir \u00e0 igreja dizendo que n\u00e3o apoia\/concorda com como a igreja age, eu: primeiro, respeito a opini\u00e3o da pessoa; segundo, continuamos amigos; [e] terceiro, n\u00e3o saio dizendo que essa pessoa \u00e9 cristof\u00f3bica.\u201d<\/p>\n\n\n\n<h2>Homossexualidade \u00e9 pecado<\/h2>\n\n\n\n<p>Bruna Karla, por outro lado, passou a ser rotulada por parte da imprensa nacional como \u201chomof\u00f3bica\u201d, ap\u00f3s ela declarar que n\u00e3o cantaria em uma cerim\u00f4nia de uni\u00e3o homoafetiva.<\/p>\n\n\n\n<p>Questionada sobre o convite que recebeu de um amigo, ela foi taxativa: \u201cFui bem sincera e disse: Ah, quando voc\u00ea se casar com uma mulher linda e cheia do poder de Deus, eu vou sim [\u2026] O dia que eu aceitar cantar em um casamento com outro homem, eu posso parar de cantar sobre a B\u00edblia e sobre Jesus\u201d, disse a cantora.<\/p>\n\n\n\n<p>Bruna tamb\u00e9m explicou que pessoas que n\u00e3o reconhecem, confessam para Deus e se arrependem dos seus pecados, como o da pr\u00e1tica homossexual, ser\u00e3o condenadas \u00e0 morte espiritual, devendo por isso se voltar para Cristo o quanto antes.<\/p>\n\n\n\n<p>\u201cL\u00e1 no julgamento, quando Jesus voltar, se ele estiver, ele vai falar: \u2018Poxa, a Bruna andou comigo, ela sabia que eu estava errado, que o caminho que eu estava escolhendo era de morte eterna\u2019. Eu chego a ficar emocionada porque se a gente abrir a nossa boca para dizer que voc\u00ea n\u00e3o vai para o c\u00e9u\u2026 Gente, \u00e9 morte eterna, inferno!\u201d, completou a cantora.<\/p>\n\n\n\n<p>Para William Douglas, as coloca\u00e7\u00f5es de Bruna Karla s\u00e3o frutos da f\u00e9 crist\u00e3, amparada pela Constitui\u00e7\u00e3o Federal. Havendo discord\u00e2ncia, no entanto, as diferen\u00e7as devem ser respeitadas como parte da pluralidade das crian\u00e7as e valores.<\/p>\n\n\n\n<p>\u201cH\u00e1 muito espa\u00e7o para a coexist\u00eancia na diversidade, desde que um respeite as limita\u00e7\u00f5es do outro\u201d,&nbsp;<a href=\"https:\/\/pleno.news\/fe\/desembargador-federal-william-douglas-defende-bruna-karla.html\">disse<\/a>&nbsp;ele. \u201cDiscordar n\u00e3o \u00e9 fobia, mas um direito previsto na Constitui\u00e7\u00e3o.\u201d<\/p>\n\n\n\n<p>Para a psic\u00f3loga e ativista crist\u00e3 Marisa Lobo, a rea\u00e7\u00e3o contra Bruna Karla \u00e9 mais preocupante do que parece. A pr\u00e9-candidata \u00e0 deputada federal pelo Paran\u00e1 acredita que a inten\u00e7\u00e3o do ativismo LGBT \u00e9 \u201ccensurar a igreja\u201d. Em um&nbsp;<a href=\"https:\/\/noticias.gospelmais.com.br\/crista-ataques-bruna-karla-ativismo-lgbt-censurar-igreja-155378.html\">artigo publicado recentemente<\/a>, ela alertou:<\/p>\n\n\n\n<p>\u201cSe n\u00f3s, como crist\u00e3os fi\u00e9is \u00e0 \u2018s\u00e3 doutrina dos ap\u00f3stolos\u2019 (Tito 2.1), n\u00e3o nos levantarmos agora contra essa milit\u00e2ncia agressiva que visa impor goela abaixo da sociedade a sua vis\u00e3o de mundo, veremos amanh\u00e3 pastores sendo arrancados dos p\u00falpitos para ir responder criminalmente nas delegacias.\u201d<\/p>\n\n\n\n<h1><\/h1>\n","protected":false},"excerpt":{"rendered":"<p>Desde que se posicionou em defesa do que a B\u00edblia ensina sobre a pr\u00e1tica homossexual, a cantora Bruna Karla vem sendo alvo de ataques de \u00f3dio e intoler\u00e2ncia por parte de quem, ironicamente, alega defender justamente o respeito \u00e0 diversidade de pensamento no Brasil. Felizmente, o n\u00famero de pessoas reconhecidas que resolveu&nbsp;sair em defesa de [&hellip;]<\/p>\n","protected":false},"author":2,"featured_media":11555,"comment_status":"open","ping_status":"open","sticky":false,"template":"","format":"standard","meta":[],"categories":[17,5],"tags":[],"_links":{"self":[{"href":"https:\/\/dgospel.com.br\/portal\/index.php\/wp-json\/wp\/v2\/posts\/11554"}],"collection":[{"href":"https:\/\/dgospel.com.br\/portal\/index.php\/wp-json\/wp\/v2\/posts"}],"about":[{"href":"https:\/\/dgospel.com.br\/portal\/index.php\/wp-json\/wp\/v2\/types\/post"}],"author":[{"embeddable":true,"href":"https:\/\/dgospel.com.br\/portal\/index.php\/wp-json\/wp\/v2\/users\/2"}],"replies":[{"embeddable":true,"href":"https:\/\/dgospel.com.br\/portal\/index.php\/wp-json\/wp\/v2\/comments?post=11554"}],"version-history":[{"count":1,"href":"https:\/\/dgospel.com.br\/portal\/index.php\/wp-json\/wp\/v2\/posts\/11554\/revisions"}],"predecessor-version":[{"id":11556,"href":"https:\/\/dgospel.com.br\/portal\/index.php\/wp-json\/wp\/v2\/posts\/11554\/revisions\/11556"}],"wp:featuredmedia":[{"embeddable":true,"href":"https:\/\/dgospel.com.br\/portal\/index.php\/wp-json\/wp\/v2\/media\/11555"}],"wp:attachment":[{"href":"https:\/\/dgospel.com.br\/portal\/index.php\/wp-json\/wp\/v2\/media?parent=11554"}],"wp:term":[{"taxonomy":"category","embeddable":true,"href":"https:\/\/dgospel.com.br\/portal\/index.php\/wp-json\/wp\/v2\/categories?post=11554"},{"taxonomy":"post_tag","embeddable":true,"href":"https:\/\/dgospel.com.br\/portal\/index.php\/wp-json\/wp\/v2\/tags?post=11554"}],"curies":[{"name":"wp","href":"https:\/\/api.w.org\/{rel}","templated":true}]}}