{"id":11557,"date":"2022-06-21T16:30:27","date_gmt":"2022-06-21T19:30:27","guid":{"rendered":"http:\/\/dgospel.com.br\/portal\/?p=11557"},"modified":"2022-06-21T16:30:28","modified_gmt":"2022-06-21T19:30:28","slug":"karina-bacchi-lanca-musica-luz-de-jesus","status":"publish","type":"post","link":"https:\/\/dgospel.com.br\/portal\/index.php\/2022\/06\/21\/karina-bacchi-lanca-musica-luz-de-jesus\/","title":{"rendered":"Karina Bacchi lan\u00e7a m\u00fasica \u201cLuz de Jesus\u201d"},"content":{"rendered":"\n<p><strong><a href=\"https:\/\/guiame.com.br\/gospel\/noticias\/daqui-pra-frente-minha-vida-tera-ver-com-deus-diz-karina-bacchi-sobre-conversao.html\">Karina Bacchi<\/a><\/strong>&nbsp;vai lan\u00e7ar sua primeira m\u00fasica gospel no dia 23 de junho. O an\u00fancio foi feito pela apresentadora do Positivamente Podcast em seu perfil do Instagram.<\/p>\n\n\n\n<p>Com o t\u00edtulo \u201cLuz de Jesus\u201d, a can\u00e7\u00e3o \u00e9 de autoria de Karina em parceria com Marcelo Cacilias.<\/p>\n\n\n\n\n\n<p>Em recente entrevista ao Splash, a atriz explicou que a\u00a0<strong><a href=\"https:\/\/guiame.com.br\/gospel\/mundo-cristao\/compositor-de-hinos-alerta-sobre-adoracao-atual-fizemos-um-deus-nossa-propria-imagem.html\">m\u00fasica<\/a><\/strong>\u00a0servir\u00e1 como ferramenta para concretizar o seu chamado, al\u00e9m de expressar seu &#8220;amor e gratid\u00e3o a Jesus&#8221;.<\/p>\n\n\n\n<figure class=\"wp-block-image\"><img src=\"https:\/\/thumbor.guiame.com.br\/unsafe\/840x500\/http:\/\/media.guiame.com.br\/archives\/2022\/06\/20\/3410282171-karina-bacchi.jpg\" alt=\"Karina Bacchi e Marcelo Cacilias. (Foto: Instagram Luz de Jesus)\"\/><\/figure>\n\n\n\n<p>Karina Bacchi e Marcelo Cacilias. (Foto: Instagram Luz de Jesus)\n\n<\/p>\n\n\n\n\n\n<p>O lan\u00e7amento da m\u00fasica, segundo Karina, n\u00e3o significa que ela entrar\u00e1 no mercado fonogr\u00e1fico gospel.<\/p>\n\n\n\n<p>&#8220;Meu chamado n\u00e3o \u00e9 para &#8216;virar cantora&#8217; e, sim, para viver com Ele na intimidade di\u00e1ria, crescer em sabedoria constante e expressar o que Jesus significa para mim, de diferentes formas e inspirando outras vidas&#8221;, pontuou.<\/p>\n\n\n\n<p>A m\u00fasica nasceu de uma &#8220;inspira\u00e7\u00e3o entregue pelo Senhor&#8221; e serve como &#8220;um convite para que todos conhe\u00e7am a Cristo, experimentem como \u00e9 caminhar com Ele e sejam alcan\u00e7ados por sua Gra\u00e7a&#8221;.<\/p>\n\n\n\n<p>Ela explica que a letra e a melodia nasceram de&nbsp;<strong><a href=\"https:\/\/guiame.com.br\/gospel\/mundo-cristao\/cantor-cristao-indicado-ao-grammy-testemunha-superacao-apos-ser-abusado-e-viver-na-rua.html\">inspira\u00e7\u00e3o divina<\/a><\/strong>. Ap\u00f3s gravar em seu celular ela enviou a a Cacilias, que retornou. Depois de alguns meses, Karina concluiu a can\u00e7\u00e3o.<\/p>\n\n\n\n<p>&#8220;Depois desse tempo, Deus me presenteou com uma inspira\u00e7\u00e3o pessoal de letra e melodia e eu comecei a cantarolar sozinha em casa inexplicavelmente. E, assim, nessa noite que recebi essa can\u00e7\u00e3o literalmente do c\u00e9u, gravei em meu celular e enviei para o Marcelo ouvir e dar seu feedback profissional. Ent\u00e3o, juntamos nossas ideias e trouxemos \u00e0 vida o que Jesus soprou em nossos ouvidos&#8221;, conta.<\/p>\n\n\n\n<p>&#8220;Nada que tem acontecido desde minha&nbsp;<strong><a href=\"https:\/\/guiame.com.br\/gospel\/mundo-cristao\/chris-duran-explica-porque-e-contra-show-gospel-construir-um-altar-e-na-intimidade.html\">convers\u00e3o<\/a><\/strong>, estava em meus planos, ali\u00e1s, nem a minha convers\u00e3o. Mas tudo estava nos planos de Deus, e tenho escolhido viver os Seus sonhos. Deus tem direcionado cada passo. Agrad\u00e1-lo e segui-lo \u00e9 o que importa para mim&#8221;, completa.<\/p>\n\n\n\n<p>Falando sobre sua vida como evang\u00e9lica e de ter sido tachada de fan\u00e1tica, a atriz explicou:<\/p>\n\n\n\n<p>&#8220;Eu n\u00e3o sou mais moldada pelos costumes do mundo atual, minha base hoje est\u00e1 na palavra de Deus. O Evangelho \u00e9 minha b\u00fassola. Nele encontro dire\u00e7\u00e3o para tudo o que preciso. Nenhuma cr\u00edtica abala quem est\u00e1 plantado e enraizado firmemente em solo f\u00e9rtil&#8221;, completou.<\/p>\n","protected":false},"excerpt":{"rendered":"<p>Karina Bacchi&nbsp;vai lan\u00e7ar sua primeira m\u00fasica gospel no dia 23 de junho. O an\u00fancio foi feito pela apresentadora do Positivamente Podcast em seu perfil do Instagram. Com o t\u00edtulo \u201cLuz de Jesus\u201d, a can\u00e7\u00e3o \u00e9 de autoria de Karina em parceria com Marcelo Cacilias. Em recente entrevista ao Splash, a atriz explicou que a\u00a0m\u00fasica\u00a0servir\u00e1 como [&hellip;]<\/p>\n","protected":false},"author":2,"featured_media":11558,"comment_status":"open","ping_status":"open","sticky":false,"template":"","format":"standard","meta":[],"categories":[17,5],"tags":[],"_links":{"self":[{"href":"https:\/\/dgospel.com.br\/portal\/index.php\/wp-json\/wp\/v2\/posts\/11557"}],"collection":[{"href":"https:\/\/dgospel.com.br\/portal\/index.php\/wp-json\/wp\/v2\/posts"}],"about":[{"href":"https:\/\/dgospel.com.br\/portal\/index.php\/wp-json\/wp\/v2\/types\/post"}],"author":[{"embeddable":true,"href":"https:\/\/dgospel.com.br\/portal\/index.php\/wp-json\/wp\/v2\/users\/2"}],"replies":[{"embeddable":true,"href":"https:\/\/dgospel.com.br\/portal\/index.php\/wp-json\/wp\/v2\/comments?post=11557"}],"version-history":[{"count":1,"href":"https:\/\/dgospel.com.br\/portal\/index.php\/wp-json\/wp\/v2\/posts\/11557\/revisions"}],"predecessor-version":[{"id":11559,"href":"https:\/\/dgospel.com.br\/portal\/index.php\/wp-json\/wp\/v2\/posts\/11557\/revisions\/11559"}],"wp:featuredmedia":[{"embeddable":true,"href":"https:\/\/dgospel.com.br\/portal\/index.php\/wp-json\/wp\/v2\/media\/11558"}],"wp:attachment":[{"href":"https:\/\/dgospel.com.br\/portal\/index.php\/wp-json\/wp\/v2\/media?parent=11557"}],"wp:term":[{"taxonomy":"category","embeddable":true,"href":"https:\/\/dgospel.com.br\/portal\/index.php\/wp-json\/wp\/v2\/categories?post=11557"},{"taxonomy":"post_tag","embeddable":true,"href":"https:\/\/dgospel.com.br\/portal\/index.php\/wp-json\/wp\/v2\/tags?post=11557"}],"curies":[{"name":"wp","href":"https:\/\/api.w.org\/{rel}","templated":true}]}}