{"id":11569,"date":"2022-06-21T23:24:38","date_gmt":"2022-06-22T02:24:38","guid":{"rendered":"http:\/\/dgospel.com.br\/portal\/?p=11569"},"modified":"2022-06-23T08:58:43","modified_gmt":"2022-06-23T11:58:43","slug":"camara-aprova-fundo-para-consorcios-publicos-que-poderao-receber-recursos-de-emendas","status":"publish","type":"post","link":"https:\/\/dgospel.com.br\/portal\/index.php\/2022\/06\/21\/camara-aprova-fundo-para-consorcios-publicos-que-poderao-receber-recursos-de-emendas\/","title":{"rendered":"C\u00e2mara aprova fundo para cons\u00f3rcios p\u00fablicos, que poder\u00e3o receber recursos de emendas"},"content":{"rendered":"\n<p>O Plen\u00e1rio da C\u00e2mara dos Deputados aprovou nesta ter\u00e7a-feira (21) projeto que permite a cria\u00e7\u00e3o de fundos para cons\u00f3rcios p\u00fablicos formados por estados ou munic\u00edpios para custear programas e a\u00e7\u00f5es de interesse p\u00fablico, como obras de infraestrutura ou aquisi\u00e7\u00e3o de bens e servi\u00e7os. A proposta segue para o Senado.<\/p>\n\n\n\n<p>O texto aprovado \u00e9 o substitutivo da relatora, deputada <a href=\"https:\/\/www.camara.leg.br\/deputados\/178832\">Leandre (PSD-PR)<\/a>, ao Projeto de Lei 196\/20, do deputado <a href=\"https:\/\/www.camara.leg.br\/deputados\/204527\">Geninho Zuliani (Uni\u00e3o-SP)<\/a>. &#8220;A cria\u00e7\u00e3o de cons\u00f3rcio p\u00fablico de munic\u00edpios favorece o planejamento regional e permite a articula\u00e7\u00e3o das pol\u00edticas p\u00fablicas entre os entes federativos&#8221;, afirmou a relatora.<\/p>\n\n\n\n<p>&#8220;Al\u00e9m disso, minimiza a fragmenta\u00e7\u00e3o e racionaliza os investimentos, especialmente na implementa\u00e7\u00e3o de programas, projetos, atividades e a\u00e7\u00f5es que s\u00e3o praticamente imposs\u00edveis para muitos munic\u00edpios realizarem isoladamente&#8221;, explicou.<em>Paulo S\u00e9rgio\/C\u00e2mara dos Deputados<\/em><\/p>\n\n\n\n<figure class=\"wp-block-image\"><img src=\"https:\/\/www.camara.leg.br\/midias\/image\/2022\/06\/img20220621193742657-768x512.jpg\" alt=\"Discuss\u00e3o e vota\u00e7\u00e3o de propostas. Dep. Leandre PSD - PR\"\/><\/figure>\n\n\n\n<p>\n        Leandre, relatora do projeto de lei\n        \n        <\/p>\n\n\n\n<p>O substitutivo permite que cons\u00f3rcios p\u00fablicos recebam transfer\u00eancias intergovernamentais da Sa\u00fade, recursos dos fundos constitucionais de financiamento do Norte, do Nordeste e do Centro-Oeste e repasses de emendas parlamentares individuais ao Or\u00e7amento.<\/p>\n\n\n\n<p>O deputado <a href=\"https:\/\/www.camara.leg.br\/deputados\/204519\">Tiago Mitraud (Novo-MG)<\/a> criticou a destina\u00e7\u00e3o de recursos de emendas para cons\u00f3rcios p\u00fablicos. &#8220;Isso pode induzir a utiliza\u00e7\u00e3o indevida de recurso p\u00fablico, com possibilidade menos transparente de destina\u00e7\u00e3o de emendas parlamentares.&#8221;<\/p>\n\n\n\n<p>Os cons\u00f3rcios p\u00fablicos tamb\u00e9m poder\u00e3o obter financiamentos e arrecadar taxas em raz\u00e3o do exerc\u00edcio do poder de pol\u00edcia ou pela utiliza\u00e7\u00e3o, efetiva ou potencial, de servi\u00e7os p\u00fablicos espec\u00edficos e divis\u00edveis, prestados ao contribuinte ou postos a sua disposi\u00e7\u00e3o.<\/p>\n\n\n\n<p><strong>Forma\u00e7\u00e3o<\/strong><br>\n        Para forma\u00e7\u00e3o de um cons\u00f3rcio p\u00fablico, cada munic\u00edpio ou estado consorciado dever\u00e1 aprovar uma lei autorizativa. O cons\u00f3rcio p\u00fablico de direito privado ser\u00e1 constitu\u00eddo nos termos do C\u00f3digo Civil.<\/p>\n\n\n\n<p>Para o deputado <a href=\"https:\/\/www.camara.leg.br\/deputados\/160508\">Afonso Florence (PT-BA)<\/a>, a proposta diminui controv\u00e9rsias jur\u00eddicas sobre os cons\u00f3rcios p\u00fablicos. \u201cEm vez de um estado ter de conveniar com dez munic\u00edpios, poder\u00e1 repassar fundo a fundo para o cons\u00f3rcio dos munic\u00edpios executar a obra da infraestrutura\u201d, disse.<\/p>\n\n\n\n<p><strong>Gest\u00e3o<\/strong><br>\n        Os fundos consorciados intermunicipais ou interestaduais ser\u00e3o criados e regulamentados em atos pr\u00f3prios do cons\u00f3rcio p\u00fablico, aprovados em assembleia-geral.<\/p>\n\n\n\n<p>Os fundos consorciados intermunicipais ou interestaduais ter\u00e3o conselho gestor constitu\u00eddo por at\u00e9 cinco integrantes. Dever\u00e3o ser representados no conselho:<\/p>\n\n\n\n<ul><li>o cons\u00f3rcio p\u00fablico, com representante indicado por sua diretoria, que exercer\u00e1 a presid\u00eancia do conselho.<\/li><li>entes dos consorciados;<\/li><li>a sociedade civil.<\/li><\/ul>\n\n\n\n<p><strong>Fiscaliza\u00e7\u00e3o<\/strong><br>\n        O projeto tamb\u00e9m permite que cons\u00f3rcios p\u00fablicos fiscalizem a classifica\u00e7\u00e3o de produtos vegetais, seus subprodutos e res\u00edduos de valor econ\u00f4mico.<\/p>\n\n\n\n<p>Fonte: Ag\u00eancia C\u00e2mara de Not\u00edcias<\/p>\n","protected":false},"excerpt":{"rendered":"<p>O Plen\u00e1rio da C\u00e2mara dos Deputados aprovou nesta ter\u00e7a-feira (21) projeto que permite a cria\u00e7\u00e3o de fundos para cons\u00f3rcios p\u00fablicos formados por estados ou munic\u00edpios para custear programas e a\u00e7\u00f5es de interesse p\u00fablico, como obras de infraestrutura ou aquisi\u00e7\u00e3o de bens e servi\u00e7os. A proposta segue para o Senado. O texto aprovado \u00e9 o substitutivo [&hellip;]<\/p>\n","protected":false},"author":2,"featured_media":11570,"comment_status":"open","ping_status":"open","sticky":false,"template":"","format":"standard","meta":[],"categories":[8],"tags":[],"_links":{"self":[{"href":"https:\/\/dgospel.com.br\/portal\/index.php\/wp-json\/wp\/v2\/posts\/11569"}],"collection":[{"href":"https:\/\/dgospel.com.br\/portal\/index.php\/wp-json\/wp\/v2\/posts"}],"about":[{"href":"https:\/\/dgospel.com.br\/portal\/index.php\/wp-json\/wp\/v2\/types\/post"}],"author":[{"embeddable":true,"href":"https:\/\/dgospel.com.br\/portal\/index.php\/wp-json\/wp\/v2\/users\/2"}],"replies":[{"embeddable":true,"href":"https:\/\/dgospel.com.br\/portal\/index.php\/wp-json\/wp\/v2\/comments?post=11569"}],"version-history":[{"count":1,"href":"https:\/\/dgospel.com.br\/portal\/index.php\/wp-json\/wp\/v2\/posts\/11569\/revisions"}],"predecessor-version":[{"id":11571,"href":"https:\/\/dgospel.com.br\/portal\/index.php\/wp-json\/wp\/v2\/posts\/11569\/revisions\/11571"}],"wp:featuredmedia":[{"embeddable":true,"href":"https:\/\/dgospel.com.br\/portal\/index.php\/wp-json\/wp\/v2\/media\/11570"}],"wp:attachment":[{"href":"https:\/\/dgospel.com.br\/portal\/index.php\/wp-json\/wp\/v2\/media?parent=11569"}],"wp:term":[{"taxonomy":"category","embeddable":true,"href":"https:\/\/dgospel.com.br\/portal\/index.php\/wp-json\/wp\/v2\/categories?post=11569"},{"taxonomy":"post_tag","embeddable":true,"href":"https:\/\/dgospel.com.br\/portal\/index.php\/wp-json\/wp\/v2\/tags?post=11569"}],"curies":[{"name":"wp","href":"https:\/\/api.w.org\/{rel}","templated":true}]}}