{"id":11572,"date":"2022-06-21T23:27:12","date_gmt":"2022-06-22T02:27:12","guid":{"rendered":"http:\/\/dgospel.com.br\/portal\/?p=11572"},"modified":"2022-06-21T23:27:13","modified_gmt":"2022-06-22T02:27:13","slug":"camara-aprova-mp-que-cria-programa-de-microcredito-para-estimular-pequenos-negocios","status":"publish","type":"post","link":"https:\/\/dgospel.com.br\/portal\/index.php\/2022\/06\/21\/camara-aprova-mp-que-cria-programa-de-microcredito-para-estimular-pequenos-negocios\/","title":{"rendered":"C\u00e2mara aprova MP que cria programa de microcr\u00e9dito para estimular pequenos neg\u00f3cios"},"content":{"rendered":"\n<p>A C\u00e2mara dos Deputados aprovou nesta ter\u00e7a-feira (21) a Medida Provis\u00f3ria 1107\/22, que cria o Programa de Simplifica\u00e7\u00e3o do Microcr\u00e9dito Digital para Empreendedores (SIM Digital). A MP segue para o Senado.<\/p>\n\n\n\n<p>No texto aprovado, o relator, deputado <a href=\"https:\/\/www.camara.leg.br\/deputados\/204381\">Luis Miranda (Republicanos-DF)<\/a>, aumentou o valor dos empr\u00e9stimos que poder\u00e3o ser obtidos para R$ 1,5 mil, no caso de pessoas f\u00edsicas, ou R$ 4,5 mil, para microempreendedores individuais (MEI). No texto original, os valores eram de R$ 1 mil e R$ 3 mil.<\/p>\n\n\n\n<p>Luis Miranda reconhece que os valores ainda s\u00e3o modestos, mesmo para os neg\u00f3cios dos empreendedores de baixa renda. &#8220;\u00c9 preciso ter cautela para n\u00e3o induzir o endividamento de popula\u00e7\u00e3o e para manter um volume de recursos que possa atender o m\u00e1ximo de empreendedores que busque pelo financiamento&#8221;, ponderou.<\/p>\n\n\n\n<p><strong>FGTS<\/strong><br>\n        A MP tamb\u00e9m autoriza o uso de R$ 3 bilh\u00f5es do Fundo de Garantia do Tempo de Servi\u00e7o (FGTS) para garantir opera\u00e7\u00f5es de microcr\u00e9dito e muda normas sobre infra\u00e7\u00f5es por falta de recolhimento de valores ao fundo pelas empresas.<\/p>\n\n\n\n<p>Emenda do deputado <a href=\"https:\/\/www.camara.leg.br\/deputados\/178884\">Hildo Rocha (MDB-MA)<\/a> incorporada ao texto ainda aumenta o prazo m\u00e1ximo de empr\u00e9stimos imobili\u00e1rios financiados pelo FGTS de 30 anos para 35 anos.<\/p>\n\n\n\n<p><strong>Empreendedores<\/strong><br>\n        A expectativa do governo \u00e9 que o SIM Digital beneficie um total de 4,5 milh\u00f5es de empreendedores. At\u00e9 abril deste ano, a Caixa tinha concedido o cr\u00e9dito a mais de 1 milh\u00e3o de pessoas com essa garantia.<\/p>\n\n\n\n<p>Segundo o texto aprovado, metade dos recursos deve ser destinada \u00e0s mulheres. &#8220;Hoje, 53% do microcr\u00e9dito j\u00e1 atende as mulheres. S\u00e3o microempreendedoras que mant\u00eam o lar com a luta di\u00e1ria do seu neg\u00f3cio&#8221;, elogiou Luis Miranda.<em>Paulo S\u00e9rgio\/C\u00e2mara dos Deputados<\/em><\/p>\n\n\n\n<figure class=\"wp-block-image\"><img src=\"https:\/\/www.camara.leg.br\/midias\/image\/2022\/06\/img20220621193747685-768x512.jpg\" alt=\"Discuss\u00e3o e vota\u00e7\u00e3o de propostas. Dep. Luis Miranda REPUBLICANOS - DF\"\/><\/figure>\n\n\n\n<p>\n        Luis Miranda, relator da MP\n        \n        <\/p>\n\n\n\n<p>Os empr\u00e9stimos do SIM Digital ser\u00e3o garantidos pelo Fundo Garantidor de Microfinan\u00e7as (FGM), criado pela Caixa Econ\u00f4mica Federal (CEF).<\/p>\n\n\n\n<p><strong>Qualifica\u00e7\u00e3o<\/strong><br>\n        As linhas de cr\u00e9ditos subsequentes somente poder\u00e3o ser concedidas para microempreendedores individuais que tenham recebido qualifica\u00e7\u00e3o t\u00e9cnico-profissional pelo Servi\u00e7o Brasileiro de Apoio \u00e0s Micro e Pequenas Empresas (Sebrae).<\/p>\n\n\n\n<p>As pessoas f\u00edsicas devem exercer alguma atividade produtiva ou de presta\u00e7\u00e3o de servi\u00e7os, sejam urbanas ou rurais, de forma individual ou coletiva. J\u00e1 os MEIs devem participar do Programa Nacional de Microcr\u00e9dito Produtivo Orientado (PNMPO).<\/p>\n\n\n\n<p><strong>Taxa e prazo<\/strong><br>\n        A MP autoriza a participa\u00e7\u00e3o de qualquer banco para emprestar seus recursos com a garantia do FGM com taxas de 3,6% ao m\u00eas e prazo m\u00e1ximo de 24 meses para pagar.<\/p>\n\n\n\n<p>Entretanto, se o tomador do empr\u00e9stimo tornar-se devedor e o FGM honrar o empr\u00e9stimo, ele n\u00e3o poder\u00e1 tomar novo empr\u00e9stimo garantido com recursos do FGTS.<\/p>\n\n\n\n<p><strong>Outras garantias<\/strong><br>\n        O texto especifica que o dinheiro emprestado dever\u00e1 ser usado para atividades produtivas, proibindo seu uso para liquidar opera\u00e7\u00f5es de cr\u00e9dito preexistentes na institui\u00e7\u00e3o financeira.<\/p>\n\n\n\n<p>Aqueles que tenham sido condenados por explorar trabalhadores em condi\u00e7\u00f5es an\u00e1logas \u00e0s de escravo ou o trabalho infantil n\u00e3o poder\u00e3o ser contemplados pelo SIM Digital.<\/p>\n\n\n\n<p>Os bancos poder\u00e3o exigir outras garantias, inclusive aval de terceiros ou aval solid\u00e1rio. Essas garantias acess\u00f3rias dever\u00e3o ser acionadas antes do FGM, e a garantia pessoal somente poder\u00e1 ser exigida em montante igual ao empr\u00e9stimo contratado, acrescido de encargos.<\/p>\n\n\n\n<p>Se o tomador do empr\u00e9stimo tiver saldo no FGTS, poder\u00e1 dar como garantia o valor a que tem direito de saque anual na modalidade saque-anivers\u00e1rio. Esse montante ficar\u00e1 bloqueado at\u00e9 o pagamento final da d\u00edvida.<\/p>\n\n\n\n<p>Os bancos poder\u00e3o ainda cobrar comiss\u00e3o de concess\u00e3o de garantias, incorporando o valor no total da opera\u00e7\u00e3o. Essa comiss\u00e3o, segundo o regulamento do FGM, \u00e9 de 1%, 3% ou 5%, conforme a oferta ou n\u00e3o de garantias pelo tomador do empr\u00e9stimo.<\/p>\n\n\n\n<p><strong>Limites<\/strong><br>\n        A MP fixa limites para a cobertura pelo FGM dos valores n\u00e3o pagos ap\u00f3s o acionamento das garantias acess\u00f3rias: at\u00e9 80% do valor desembolsado em cada opera\u00e7\u00e3o e 75% do valor total da carteira de empr\u00e9stimos do banco vinculada ao SIM Digital. O texto determina ainda que os bancos dever\u00e3o solicitar limites inferiores segundo a composi\u00e7\u00e3o de pre\u00e7o e risco.<\/p>\n\n\n\n<p>Para o Minist\u00e9rio do Trabalho e Previd\u00eancia, os bancos devem enviar dados sobre as opera\u00e7\u00f5es realizadas, indicando o n\u00famero do mutu\u00e1rio no CPF ou no CNPJ e os montantes contratados. Na contrata\u00e7\u00e3o, entretanto, est\u00e3o dispensados de:<\/p>\n\n\n\n<ul><li>exigir quita\u00e7\u00e3o eleitoral;<\/li><li>exigir Certid\u00e3o Negativa de D\u00e9bitos (CND) junto ao INSS;<\/li><li>exigir quita\u00e7\u00e3o do FGTS;<\/li><li>consultar Cadastro Informativo de Cr\u00e9ditos n\u00e3o Quitados do Setor P\u00fablico Federal (Cadin).<\/li><\/ul>\n\n\n\n<p>Caso o mutu\u00e1rio se torne inadimplente, o banco deve tomar todos os procedimentos normais de cobran\u00e7a que usa para outros casos e somente depois de 350 dias da falta de pagamento da primeira parcela do montante em atraso poder\u00e1 recorrer ao FGM.<\/p>\n\n\n\n<p><strong>Sem remunera\u00e7\u00e3o<\/strong><br>\n        A MP 1107\/22 prev\u00ea que o montante transferido pelo FGTS ao FGM e tamb\u00e9m ao Fundo Garantidor da Habita\u00e7\u00e3o Popular (FGHab) n\u00e3o contar\u00e1 com corre\u00e7\u00e3o monet\u00e1ria igual \u00e0 da conta vinculada, com taxas de juros m\u00e9dia de 3% ao ano e com rentabilidade necess\u00e1ria para cobrir os custos e formar reserva t\u00e9cnica.<\/p>\n\n\n\n<p>Al\u00e9m disso, parte dos recursos previstos em reserva espec\u00edfica anual do FGTS para conceder descontos em presta\u00e7\u00f5es do financiamento da casa pr\u00f3pria poder\u00e3o ser destinados ao FGM e ao FGHab, conforme decidido pelo Conselho Curador do FGTS.<\/p>\n\n\n\n<p>O programa de aplica\u00e7\u00f5es de recursos do FGTS dever\u00e1 destinar, no m\u00ednimo, 5% para opera\u00e7\u00f5es de microcr\u00e9dito, limite a ser revisto pelo Conselho Curador a cada tr\u00eas anos.<\/p>\n\n\n\n<p><strong>F\u00f3rum Nacional<\/strong><br>\n        A Medida Provis\u00f3ria 1107\/22 acaba com o Conselho Consultivo do Programa Nacional de Microcr\u00e9dito Produtivo Orientado e muda a composi\u00e7\u00e3o e as atribui\u00e7\u00f5es do F\u00f3rum Nacional de Microcr\u00e9dito. O conselho tinha atribui\u00e7\u00e3o de propor pol\u00edticas e a\u00e7\u00f5es de fortalecimento e expans\u00e3o do PNMPO.<\/p>\n\n\n\n<p>J\u00e1 o f\u00f3rum n\u00e3o contar\u00e1 mais com representantes do Banco Central, do Incra e da Secretaria de Governo da Presid\u00eancia da Rep\u00fablica, embora seja autorizado ao Poder Executivo acrescentar outros integrantes.<\/p>\n\n\n\n<p>Da rela\u00e7\u00e3o de entidades que podem ser convidadas para participar das reuni\u00f5es, sem direito a voto, a MP retira a Uni\u00e3o Nacional das Organiza\u00e7\u00f5es Cooperativistas Solid\u00e1rias (Unicopas).<\/p>\n\n\n\n<p><strong>Multas<\/strong><br>\n        Na legisla\u00e7\u00e3o do FGTS, a MP muda procedimentos para um ato do empregador ser considerado infra\u00e7\u00e3o em alguns casos e estipula multa de 30% sobre o d\u00e9bito atualizado apurado pelo fiscal do Trabalho, confessado pelo empregador ou lan\u00e7ado de of\u00edcio.<\/p>\n\n\n\n<p>Essa multa valer\u00e1 para as infra\u00e7\u00f5es cometidas por n\u00e3o recolher o FGTS, n\u00e3o aplicar a al\u00edquota sobre parte do sal\u00e1rio ou n\u00e3o recolher os valores apontados em notifica\u00e7\u00e3o de d\u00e9bito. No caso de o infrator ser empregador dom\u00e9stico, microempresa ou empresa de pequeno porte, o valor ser\u00e1 reduzido para a metade.<\/p>\n\n\n\n<p>Atualmente, as multas aplicadas a essas situa\u00e7\u00f5es variam de R$ 10,64 a R$ 106,45 por empregado prejudicado.<\/p>\n\n\n\n<p>O texto ainda estipula nova refer\u00eancia de prazo a partir do qual o n\u00e3o cumprimento de notifica\u00e7\u00f5es ser\u00e1 considerado infra\u00e7\u00e3o. Em vez de contar a partir da notifica\u00e7\u00e3o expedida pela fiscaliza\u00e7\u00e3o, contar\u00e1 a partir da decis\u00e3o definitiva em processo administrativo que reconheceu a validade do d\u00e9bito apurado.<\/p>\n\n\n\n<p>Confira outros pontos alterados sobre o FGTS:<br>\n        &#8211; o parcelamento de d\u00e9bitos suspende a a\u00e7\u00e3o punitiva da infra\u00e7\u00e3o se adotado antes de processo administrativo ou de fiscaliza\u00e7\u00e3o para aus\u00eancia de dep\u00f3sito do FGTS;<br>\n        &#8211; dados a serem enviados pelo empregador sobre FGTS e outras informa\u00e7\u00f5es ser\u00e3o especificados pelo Minist\u00e9rio do Trabalho e n\u00e3o mais pelo Conselho Curador do FGTS;<br>\n        &#8211; o recolhimento do FGTS passa do 7\u00ba dia do m\u00eas seguinte ao da compet\u00eancia para o 20\u00ba dia.<\/p>\n\n\n\n<p>Fonte: Ag\u00eancia C\u00e2mara de Not\u00edcias<\/p>\n","protected":false},"excerpt":{"rendered":"<p>A C\u00e2mara dos Deputados aprovou nesta ter\u00e7a-feira (21) a Medida Provis\u00f3ria 1107\/22, que cria o Programa de Simplifica\u00e7\u00e3o do Microcr\u00e9dito Digital para Empreendedores (SIM Digital). A MP segue para o Senado. No texto aprovado, o relator, deputado Luis Miranda (Republicanos-DF), aumentou o valor dos empr\u00e9stimos que poder\u00e3o ser obtidos para R$ 1,5 mil, no caso [&hellip;]<\/p>\n","protected":false},"author":2,"featured_media":11573,"comment_status":"open","ping_status":"open","sticky":false,"template":"","format":"standard","meta":[],"categories":[8],"tags":[],"_links":{"self":[{"href":"https:\/\/dgospel.com.br\/portal\/index.php\/wp-json\/wp\/v2\/posts\/11572"}],"collection":[{"href":"https:\/\/dgospel.com.br\/portal\/index.php\/wp-json\/wp\/v2\/posts"}],"about":[{"href":"https:\/\/dgospel.com.br\/portal\/index.php\/wp-json\/wp\/v2\/types\/post"}],"author":[{"embeddable":true,"href":"https:\/\/dgospel.com.br\/portal\/index.php\/wp-json\/wp\/v2\/users\/2"}],"replies":[{"embeddable":true,"href":"https:\/\/dgospel.com.br\/portal\/index.php\/wp-json\/wp\/v2\/comments?post=11572"}],"version-history":[{"count":1,"href":"https:\/\/dgospel.com.br\/portal\/index.php\/wp-json\/wp\/v2\/posts\/11572\/revisions"}],"predecessor-version":[{"id":11574,"href":"https:\/\/dgospel.com.br\/portal\/index.php\/wp-json\/wp\/v2\/posts\/11572\/revisions\/11574"}],"wp:featuredmedia":[{"embeddable":true,"href":"https:\/\/dgospel.com.br\/portal\/index.php\/wp-json\/wp\/v2\/media\/11573"}],"wp:attachment":[{"href":"https:\/\/dgospel.com.br\/portal\/index.php\/wp-json\/wp\/v2\/media?parent=11572"}],"wp:term":[{"taxonomy":"category","embeddable":true,"href":"https:\/\/dgospel.com.br\/portal\/index.php\/wp-json\/wp\/v2\/categories?post=11572"},{"taxonomy":"post_tag","embeddable":true,"href":"https:\/\/dgospel.com.br\/portal\/index.php\/wp-json\/wp\/v2\/tags?post=11572"}],"curies":[{"name":"wp","href":"https:\/\/api.w.org\/{rel}","templated":true}]}}