{"id":11579,"date":"2022-06-23T00:26:55","date_gmt":"2022-06-23T03:26:55","guid":{"rendered":"http:\/\/dgospel.com.br\/portal\/?p=11579"},"modified":"2022-06-23T08:58:59","modified_gmt":"2022-06-23T11:58:59","slug":"rubens-uchoa-homenageia-o-pastor-francisco-ribeiro-novaes-com-o-titulo-de-cidadao-palmense","status":"publish","type":"post","link":"https:\/\/dgospel.com.br\/portal\/index.php\/2022\/06\/23\/rubens-uchoa-homenageia-o-pastor-francisco-ribeiro-novaes-com-o-titulo-de-cidadao-palmense\/","title":{"rendered":"Rubens Uch\u00f4a homenageia o pastor Francisco Ribeiro Novaes com o T\u00edtulo de Cidad\u00e3o Palmense"},"content":{"rendered":"\n<p>A C\u00e2mara Municipal de Palmas realizou na\nnoite desta ter\u00e7a-feira, 21, Sess\u00e3o Solene de entrega de T\u00edtulo de Cidad\u00e3o\nPalmense no audit\u00f3rio da Associa\u00e7\u00e3o Tocantinense de Munic\u00edpios (ATM). A\nsolenidade lotou o audit\u00f3rio para homenagear 38 palmenses pelo papel\ndesempenhado pela capital.<\/p>\n\n\n\n<p>O pastor Francisco\nRibeiro Novaes, foi\num dos homenageados. A homenagem \u00e9 a mais alta\nhonraria entregue pelo legislativo e reconhece o homenageado como um Cidad\u00e3o Palmense , por seus relevantes servi\u00e7os prestados \u00e0\ncomunidade.<\/p>\n\n\n\n<p>A homenagem proposta\npelo vice-presidente da C\u00e2mara, vereador Rubens Uch\u00f4a, \u00e9 um reconhecimento dos trabalhos\nprestados pelo l\u00edder religioso que \u00e9 um dos pioneiros da capital. O vereador\nRubens Uch\u00f4a destacou: \u201cEsse t\u00edtulo, al\u00e9m de ser um reconhecimento da Casa de\nLeis pela contribui\u00e7\u00e3o para o bem da nossa cidade, tamb\u00e9m \u00e9 uma maneira de\nagradecer esse pioneiro que muito contribuiu na prega\u00e7\u00e3o do evangelho na nossa\ncapital\u201d.<\/p>\n\n\n\n<p><strong>Agradecimentos:<\/strong><\/p>\n\n\n\n<p>Ao\nfazer o uso da tribuna, o pastor, emocionado\nagradeceu o reconhecimento do vereador Rubens Uch\u00f4a pelo T\u00edtulo de Cidad\u00e3o palmense.\n\u201d Primeiramente quero agradecer a Deus, agrade\u00e7o tamb\u00e9m o nosso irm\u00e3o, vereador\nRubens Uch\u00f4a por nos conceder este titulo, mesmo com meus 80 anos, mas Deus viu\no meu trabalho, e hoje estou aqui para agradec\u00ea-lo\u201d, disse.<\/p>\n\n\n\n<p><strong>&nbsp;Biografia:<\/strong><\/p>\n\n\n\n<p>Francisco Ribeiro Novaes \u00e9&nbsp;<strong>Pastor<\/strong>, Bacharel em Teologia e Terapeuta Naturalista. Natural de Marac\u00e1s (BA), percorreu v\u00e1rios estados brasileiros, at\u00e9 estabelecer-se no antigo Norte Goiano (hoje estado  do Tocantins), onde consolidou uma das mais prof\u00edcuas carreiras como l\u00edder crist\u00e3o protestante.<\/p>\n\n\n\n<p>Pastor Francisco Novaes, como \u00e9 conhecido, \u00e9 um pioneiro na capital Palmas, onde implantou a Igreja Assembleia de Deus CIADSETA, na regi\u00e3o sul da capital, tornando-se um dos mais conhecidos e admirados l\u00edderes evang\u00e9licos do Tocantins.<\/p>\n\n\n\n<p>Depois de\npastorar v\u00e1rios campos, em 03 de janeiro de 1991, veio para Palmas, para fundar\ne presidir a Igreja Assembleia de Deus CIADSETA na&nbsp; regi\u00e3o sul da capital, que permaneceu na\nlideran\u00e7a da Igreja, &nbsp;at\u00e9 sua jubila\u00e7\u00e3o\nem 20 de dezembro de 2010.<\/p>\n\n\n\n<p><strong>Pastor Novaes, f<\/strong>ez parte da Comitiva de l\u00edderes do Norte\nGoiano que esteve em Bras\u00edlia-DF, por ocasi\u00e3o da promulga\u00e7\u00e3o da Constitui\u00e7\u00e3o\nFederal em 05 de outubro de 1988, quando foi criado o Estado do Tocantins. Na\ndivis\u00e3o do Estado do Tocantins, fez parte da Comiss\u00e3o Pr\u00f3-funda\u00e7\u00e3o da Capital \u2013\nPalmas. Integrou o grupo de lideran\u00e7as sob o comando do ent\u00e3o Prefeito de Porto\nNacional, Vicentinho Alves, os quais foram at\u00e9 Bras\u00edlia para defender a\nfunda\u00e7\u00e3o da capital no ent\u00e3o Distrito do Canela, onde hoje est\u00e1 edificada a\nnossa capital.<\/p>\n\n\n\n<p>No dia 20 de\nmaio de 1989, quando o governador Jos\u00e9 Wilson Siqueira Campos dirigiu o evento\nde lan\u00e7amento da pedra fundamental de cria\u00e7\u00e3o de Palmas, o Pastor Francisco\nNovaes juntamente com o Pastor Sebasti\u00e3o Andrade (Presidente do CIADSETA), teve\nparticipa\u00e7\u00e3o efetiva no culto ecum\u00eanico, dirigindo um fervoroso clamor a Deus\npela cria\u00e7\u00e3o da mais nova capital do Brasil.<\/p>\n\n\n\n<p>Pastor Novaes,\nhoje jubilado, mas \u00e9 um l\u00edder ativo, uma refer\u00eancia para muitos pastores e\nl\u00edderes. Ele utiliza sua sabedoria e bagagem pastoral para orientar e admoestar\ngrande n\u00famero de ministros, obreiros e irm\u00e3os que recorrem aos seus conselhos e\nensinamentos.<\/p>\n\n\n\n<p><strong>Confira lista dos homenageados:<\/strong><\/p>\n\n\n\n<p><br>\nProf\u00aa. Janad Valcari concedeu T\u00edtulo de Cidad\u00e3o Palmense a Lutero Cesar Da\nFonseca e Walfredo Antunes De Oliveira Filho;<\/p>\n\n\n\n<p>Daniel\nNascimento concedeu T\u00edtulo de Cidad\u00e3o Palmense a Gil Fonseca Barison e\nWellington Ferreira De Medeiros<\/p>\n\n\n\n<p>Eudes Assis\nconcedeu T\u00edtulo de Cidad\u00e3o Palmense a Leandro Alves De Barros e Suelismar\nCaetano Ferreira<\/p>\n\n\n\n<p>Filipe Martins\nconcedeu T\u00edtulo de Cidad\u00e3o Palmense a Jair Messias Bolsonaro e Michelle de\nPaula Firmo Reinaldo Bolsonaro<\/p>\n\n\n\n<p>Folha concedeu\nT\u00edtulo de Cidad\u00e3o Palmense a Francisco Almeida Costa<\/p>\n\n\n\n<p>Joatan de Jesus\nconcedeu T\u00edtulo de Cidad\u00e3o Palmense a Loiri Maronezi , Ant\u00f4nio Duarte Bezerra\nFilho e Jos\u00e9 Roberto Dos Santos Leal<\/p>\n\n\n\n<p>Jucelino\nRodrigues concedeu T\u00edtulo de Cidad\u00e3o Palmense a Agostinho Quintino Batista e\nJonas Eraldo de Lima J\u00fanior<\/p>\n\n\n\n<p>J\u00fanior Bras\u00e3o\nconcedeu T\u00edtulo de Cidad\u00e3o Palmense a Marcos Lu\u00eds Fazoli, Ant\u00f4nio Luiz de\nCarvalho e Luiz S\u00e9rgio Cerezoli<\/p>\n\n\n\n<p>Laudecy Coimbra\nconcedeu T\u00edtulo de Cidad\u00e3o Palmense a Carlos Roberto Braga Do Carmo, Crispim\nAlves De Oliveira J\u00fanior e Maria Roseli De Almeida Pery;<\/p>\n\n\n\n<p>Marilon Barbosa\nconcedeu T\u00edtulo de Cidad\u00e3o Palmense a Ricardo Vicente Da Silva<\/p>\n\n\n\n<p>Mauro Lacerda\nconcedeu T\u00edtulo de Cidad\u00e3o Palmense a Magno Rog\u00e9rio Alexandre e Leandro Freire\nDe Souza<\/p>\n\n\n\n<p>Pedro Cardoso\nconcedeu T\u00edtulo de Cidad\u00e3o Palmense a Ant\u00f4nio Davi Goveia J\u00fanior e Maysa\nVendramini Rosal;<\/p>\n\n\n\n<p>Prof\u00aa. Iolanda\nCastro concedeu T\u00edtulo de Cidad\u00e3o Palmense a Joaquim Roberto Alves Maia, Joeuma\nCalixto Barros e Mery Ab-Jaudi Ferreira Lopes<\/p>\n\n\n\n<p>Rubens Uch\u00f4a\nconcedeu T\u00edtulo de Cidad\u00e3o Palmense a Lucas Marques De Ara\u00fajo, &nbsp;Francisco\nRibeiro Novaes e Aderso Alves dos Santos<\/p>\n\n\n\n<p>Solange Duailibe\nconcedeu T\u00edtulo de Cidad\u00e3o Palmense a Elisabeth De Oliveira Guedes Dos Santos e\nJales De Alc\u00e2ntara Paniago<\/p>\n\n\n\n<p>Waldson da Agesp concedeu\nT\u00edtulo de Cidad\u00e3o Palmense a Elis Raik Miranda de Carvalho&nbsp;<strong>e&nbsp;<\/strong>F\u00e1bio\nPaulino Ribeiro<\/p>\n\n\n\n<p>O ex-vereador\nProfessor J\u00fanior Geo concedeu T\u00edtulo de Cidad\u00e3o Palmense a Luciano De Moraes\nRodrigues, sendo entregue pela vereadora Prof\u00aa. Janad Valcari<\/p>\n\n\n\n<p>O ex-vereador\nLucio Campelo concedeu T\u00edtulo de Cidad\u00e3o Palmense a Ney Guanabara Gomes De\nSouza, sendo entregue por Jucelino Rodrigues<\/p>\n\n\n\n<p>O ex-vereador\nMilton Neris concedeu T\u00edtulo de Cidad\u00e3o Palmense Helv\u00e9cio De Brito Maia Neto<\/p>\n","protected":false},"excerpt":{"rendered":"<p>A C\u00e2mara Municipal de Palmas realizou na noite desta ter\u00e7a-feira, 21, Sess\u00e3o Solene de entrega de T\u00edtulo de Cidad\u00e3o Palmense no audit\u00f3rio da Associa\u00e7\u00e3o Tocantinense de Munic\u00edpios (ATM). A solenidade lotou o audit\u00f3rio para homenagear 38 palmenses pelo papel desempenhado pela capital. O pastor Francisco Ribeiro Novaes, foi um dos homenageados. A homenagem \u00e9 a [&hellip;]<\/p>\n","protected":false},"author":2,"featured_media":11580,"comment_status":"open","ping_status":"open","sticky":false,"template":"","format":"standard","meta":[],"categories":[8,4],"tags":[],"_links":{"self":[{"href":"https:\/\/dgospel.com.br\/portal\/index.php\/wp-json\/wp\/v2\/posts\/11579"}],"collection":[{"href":"https:\/\/dgospel.com.br\/portal\/index.php\/wp-json\/wp\/v2\/posts"}],"about":[{"href":"https:\/\/dgospel.com.br\/portal\/index.php\/wp-json\/wp\/v2\/types\/post"}],"author":[{"embeddable":true,"href":"https:\/\/dgospel.com.br\/portal\/index.php\/wp-json\/wp\/v2\/users\/2"}],"replies":[{"embeddable":true,"href":"https:\/\/dgospel.com.br\/portal\/index.php\/wp-json\/wp\/v2\/comments?post=11579"}],"version-history":[{"count":2,"href":"https:\/\/dgospel.com.br\/portal\/index.php\/wp-json\/wp\/v2\/posts\/11579\/revisions"}],"predecessor-version":[{"id":11583,"href":"https:\/\/dgospel.com.br\/portal\/index.php\/wp-json\/wp\/v2\/posts\/11579\/revisions\/11583"}],"wp:featuredmedia":[{"embeddable":true,"href":"https:\/\/dgospel.com.br\/portal\/index.php\/wp-json\/wp\/v2\/media\/11580"}],"wp:attachment":[{"href":"https:\/\/dgospel.com.br\/portal\/index.php\/wp-json\/wp\/v2\/media?parent=11579"}],"wp:term":[{"taxonomy":"category","embeddable":true,"href":"https:\/\/dgospel.com.br\/portal\/index.php\/wp-json\/wp\/v2\/categories?post=11579"},{"taxonomy":"post_tag","embeddable":true,"href":"https:\/\/dgospel.com.br\/portal\/index.php\/wp-json\/wp\/v2\/tags?post=11579"}],"curies":[{"name":"wp","href":"https:\/\/api.w.org\/{rel}","templated":true}]}}