{"id":1158,"date":"2018-08-30T18:37:53","date_gmt":"2018-08-30T21:37:53","guid":{"rendered":"http:\/\/dgospel.com.br\/portal\/?p=1158"},"modified":"2018-08-30T18:41:02","modified_gmt":"2018-08-30T21:41:02","slug":"lideres-politicos-do-tocantins-emitem-notas-de-pesar-pela-a-morte-do-prefeito-de-miracema","status":"publish","type":"post","link":"https:\/\/dgospel.com.br\/portal\/index.php\/2018\/08\/30\/lideres-politicos-do-tocantins-emitem-notas-de-pesar-pela-a-morte-do-prefeito-de-miracema\/","title":{"rendered":"L\u00edderes pol\u00edticos do Tocantins emitem notas de pesar pela a morte do prefeito de Miracema"},"content":{"rendered":"<p>L\u00edderes pol\u00edticos do Tocantins emitem notas de pesar pela a morte do prefeito de Miracema do Tocantins, Mois\u00e9s da Sercon.<\/p>\n<p>O prefeito\u00a0foi encontrado morto dentro de uma caminhonete Hilux com um tiro na cabe\u00e7a na tarde desta quinta-feira, 30. O corpo estava no lado do passageiro com um tiro na cabe\u00e7a e a arma ca\u00edda em seu colo.<\/p>\n<p>Mois\u00e9s da Sercon faria 45 anos em setembro, era contador e casado. Foi eleito em 2016, com 84,62% dos v\u00e1lidos, a maior vit\u00f3ria proporcional do Estado. Amigos disseram que o prefeito \u201cvivia um \u00f3timo momento\u201d, \u201cestava muito feliz\u201d e n\u00e3o tinha inimigos\u201d.<\/p>\n<p>&nbsp;<\/p>\n<h1>Notas de pesar<\/h1>\n<p>Recebi com imensa tristeza na tarde desta quinta-feira, 30, a\u00a0 not\u00edcia da morte do atual prefeito de Miracema do Tocantins, Mois\u00e9s da Sercon.<\/p>\n<p>Mois\u00e9s, natural de Lizarda, \u00a044 anos, \u00a0\u00e9 empres\u00e1rio e se candidatou pela vez a um cargo p\u00fablico em 2016. Diante da perda irrepar\u00e1vel, prestamos nossas condol\u00eancias e solidariedade aos familiares e amigos.<\/p>\n<p>Wanderlei Barbosa<\/p>\n<p>Vice-governador do Estado do Tocantins<\/p>\n<p>__________________<\/p>\n<p>Lamentavelmente, a Associa\u00e7\u00e3o Tocantinense de Munic\u00edpios (ATM), em nome do presidente, Jairo Mariano, externa profundo pesar pelo tr\u00e1gico falecimento do prefeito de Miracema, Mois\u00e9s da Sercom, 44 anos, ocorrida nesta quinta-feira, 30. O gestor foi encontrado morto dentro do seu ve\u00edculo com perfura\u00e7\u00e3o de tiro no corpo. O ve\u00edculo estava no munic\u00edpio de Miranorte, a 23 km de Miracema.<\/p>\n<p>Natural de Lizarda e advindo de fam\u00edlia ruralista, Mois\u00e9s da Sercom chegou a Miracema em 1993. Empres\u00e1rio e contador, Mois\u00e9s era casado. Em 2016, concorreu ao cargo de prefeito do Munic\u00edpio, ao obter 9.918 dos votos v\u00e1lidos, o que equivale a 84% de todo o eleitorado do Munic\u00edpio.<\/p>\n<p>Proativo, Mois\u00e9s era visto constantemente nas institui\u00e7\u00f5es e \u00f3rg\u00e3os p\u00fablicos em busca de benef\u00edcios para Miracema, sempre disposto e polivalente em suas fun\u00e7\u00f5es.\u00a0\u00a0Mois\u00e9s era membro efetivo do Conselho Fiscal da ATM, e participava com assiduidade das a\u00e7\u00f5es da entidade municipalista e da Confedera\u00e7\u00e3o Nacional de Munic\u00edpios (CNM).<\/p>\n<p>A ATM conclama e suplica as autoridades policias que empreguem esfor\u00e7os no processo de investiga\u00e7\u00e3o dos fatos e na captura de eventual respons\u00e1vel por esse crime b\u00e1rbaro que retirou um cidad\u00e3o de bem, chefe de fam\u00edlia, pol\u00edtico en\u00e9rgico e fiel companheiro das lutas municipalistas.<\/p>\n<p>Por fim, rogamos a Deus que interceda pela fam\u00edlia, parentes e amigos. Que nosso bom pai possa conforta-los neste momento de profundo pesar.<\/p>\n<p>Jairo Soares Mariano<br \/>\nPresidente da ATM<br \/>\n_____________________________<\/p>\n<p>Com muita tristeza, recebi a tr\u00e1gica not\u00edcia do assassinato do prefeito de Miracema, Mois\u00e9s Costa (MDB), conhecido por Mois\u00e9s da Sercon, na tarde desta quinta-feira, dia 30.<\/p>\n<p>Lamento profundamente essa perda prematura. Mois\u00e9s era um jovem empres\u00e1rio de 44 anos que entrou para a pol\u00edtica com o sonho e o desejo de trabalhar pela sua comunidade. Foi eleito em 2016 com 84,62% dos votos, numa clara demonstra\u00e7\u00e3o de confian\u00e7a da popula\u00e7\u00e3o em t\u00ea-lo \u00e0 frente da administra\u00e7\u00e3o municipal.<\/p>\n<p>Miracema est\u00e1 de luto por perder um gestor arrojado, humanit\u00e1rio e querido pela sua gente, que vinha trabalhando para cumprir suas propostas de campanha. Mois\u00e9s tinha uma carreira inteira pela frente, que foi brutalmente interrompida.<\/p>\n<p>Nesse momento de dor, venho deixar o meu abra\u00e7o e sinceros sentimentos \u00e0 fam\u00edlia e amigos, em especial \u00e0 sua esposa Camila Fernandes. Que Deus conforte o cora\u00e7\u00e3o de todos por essa irrepar\u00e1vel perda. E esperamos que esse crime cruel seja elucidado com rapidez pelas autoridades policiais.<\/p>\n<p>Paulo Mour\u00e3o<br \/>\nDeputado Estadual e Candidato a Senador<br \/>\n__________________________<\/p>\n<p>\u00c9 com profundo pesar que recebemos a triste not\u00edcia da morte do meu amigo, correligion\u00e1rio e companheiro, Mois\u00e9s da Sercom, prefeito de Miracema do Tocantins. Vai ser dif\u00edcil nos acostumar com essa perda irrepar\u00e1vel. \u00c9 inaceit\u00e1vel o \u00f3dio e o mal. Clamo por justi\u00e7a. Como deputado cobrarei das autoridades competentes urg\u00eancia no esclarecimento do caso.<\/p>\n<p>Mois\u00e9s que estava em seu primeiro mandato, foi eleito com a maior expressividade de votos do Tocantins. Isso mostra o carinho e o respeito da comunidade de Miracema a esse grande homem que far\u00e1 falta.<\/p>\n<p>Meus sinceros cumprimentos a todos os familiares, em especial a minha amiga, Camila Fernandes de Ara\u00fajo, primeira dama.<\/p>\n<p>Nilton Franco<br \/>\nDeputado Estadual<br \/>\n__________________________<\/p>\n<p>O prefeito Mois\u00e9s da Sercon, de Miracema, deixa a todos n\u00f3s um exemplo de lideran\u00e7a, disposi\u00e7\u00e3o e capacidade de di\u00e1logo.<\/p>\n<p>Um homem \u00edntegro, humano, que lutou por melhorias em seu munic\u00edpio, sempre ajudando a construir, desenvolver e realizar os sonhos da nossa popula\u00e7\u00e3o. Sem d\u00favida ele foi um pol\u00edtico exemplar e deixar\u00e1 em nossas lembran\u00e7as e na nossa hist\u00f3ria seu legado.<\/p>\n<p>Que as autoridades ajam com rigor na elucida\u00e7\u00e3o desse crime hediondo.<\/p>\n<p>Meus sentimentos e minha solidariedade a todos os familiares e moradores da cidade de Miracema.<\/p>\n<p>Ata\u00eddes Oliveira<br \/>\nSenador<br \/>\n_______________________<\/p>\n<p>\u00c9 com pesar e muita tristeza que recebi a not\u00edcia do falecimento do prefeito de Miracema do Tocantins, Mois\u00e9s Costa da Silva (MDB). Trata-se de uma perda irrepar\u00e1vel, pois era meu amigo pessoal. Estive com ele na \u00faltima quinta-feira, ocasi\u00e3o em que Mois\u00e9s declarou apoio \u00e0 candidatura do governador Mauro Carlesse. J\u00e1 meus filhos, Andr\u00e9 e Bruno, tiveram a honra de prestigi\u00e1-lo no \u00faltimo s\u00e1bado, 25, em um churrasco quando foi inaugurada por ele duas pontes de externa relev\u00e2ncia para regi\u00e3o com recursos de minha autoria na C\u00e2mara dos Deputados \u00e0 pedido do pr\u00f3prio prefeito. Mois\u00e9s era um l\u00edder nato, dedicado, muito querido pela popula\u00e7\u00e3o de Miracema e pelo Tocantins, al\u00e9m de trabalhar dia e noite pelas pessoas do munic\u00edpio, levando obras e investimentos para sa\u00fade. Com certeza ele deixar\u00e1 muitas saudades. Deixo as minhas mais sinceras condol\u00eancias \u00e0 fam\u00edlia e amigos por esta inestim\u00e1vel perda e pe\u00e7o a Deus que conforte toda a fam\u00edlia.<\/p>\n<p>Carlos Gaguim<br \/>\nDeputado federal<\/p>\n<p>__________________________________________<\/p>\n<div>Foi com pesar que recebi a not\u00edcia do falecimento do prefeito de Miracema Mois\u00e9s da Sercon, aos 44 anos de idade.<\/div>\n<div><\/div>\n<div>Contador respeitado em toda a regi\u00e3o, Mois\u00e9s\u00a0 iniciou na vida p\u00fablica h\u00e1 quase dois anos e trabalhava pelo desenvolvimento de Miracema. Neste momento de dor, rogo a Deus para que d\u00ea for\u00e7as a todos os familiares e amigos.<\/div>\n<div><\/div>\n<div>Como Disse-lhe Jesus: &#8220;Eu sou a ressurrei\u00e7\u00e3o e a vida. Aquele que cr\u00ea em mim, ainda que morra, viver\u00e1; e quem vive e cr\u00ea em mim, n\u00e3o morrer\u00e1 eternamente &#8211; Jo\u00e3o 11:25-26<\/div>\n<div class=\"yiv1862769181gmail_signature\">\n<div dir=\"ltr\">\n<div>\n<div dir=\"ltr\">\n<div dir=\"ltr\">\n<div dir=\"ltr\">\n<p><b>L\u00e1zaro Botelho<\/b><br \/>\n<b>Deputado Federal &#8211; TO<\/b><\/p>\n<p>__________________________________________<\/p>\n<p class=\"yiv9895289204MsoNormal\">Recebi com grande pesar a not\u00edcia da morte do prefeito de Miracema do Tocantins, Mois\u00e9s Costa da Silva, o nosso querido Mois\u00e9s da Sercon, ocorrida de forma tr\u00e1gica na tarde desta quinta-feira, 30.<\/p>\n<p class=\"yiv9895289204MsoNormal\">Estou confiante de que as for\u00e7as policiais esclarecer\u00e3o com celeridade as circunst\u00e2ncias desse crime inexplic\u00e1vel e a Justi\u00e7a ser\u00e1 aplicada com rigor, para que esse tipo de viol\u00eancia seja desestimulado contra qualquer um de nossos cidad\u00e3os.<\/p>\n<p class=\"yiv9895289204MsoNormal\">Nesse momento de dor, elevo minhas preces a Deus para que acolha seu filho amado e conforte sua esposa, filhos e todos seus familiares e amigos por essa perda irrepar\u00e1vel. Em nome dos servidores municipais de Palmas, externo minha solidariedade a toda popula\u00e7\u00e3o de Miracema, cidade ordeira e de paz que tanto contribuiu para a implanta\u00e7\u00e3o do Estado do Tocantins, e me coloco \u00e0 disposi\u00e7\u00e3o de todos para qualquer eventualidade.<\/p>\n<p class=\"yiv9895289204MsoNormal\">\n<p class=\"yiv9895289204MsoNormal\">Cinthia Ribeiro<\/p>\n<p class=\"yiv9895289204MsoNormal\">Prefeita Municipal de Palmas<\/p>\n<p>__________________________________-<\/p>\n<div dir=\"ltr\">A presidente Assembleia Legislativa, deputada estadual Luana Ribeiro, em<\/div>\n<div dir=\"ltr\">nome dos demais deputados, manifesta profundo pesar pelo falecimento do<\/div>\n<div dir=\"ltr\">prefeito de Miracema, Mois\u00e9s Costa da Silva, conhecido como Mo\u00edses da<\/div>\n<div dir=\"ltr\">Sercon, ocorrido nesta quinta-feira, 30.<\/div>\n<div dir=\"ltr\"><\/div>\n<div dir=\"ltr\">A deputada lamenta profundamente essa fatalidade, e deseja que Deus<\/div>\n<div dir=\"ltr\">possa confortar seus familiares, dando a paz necess\u00e1ria para enfrentar<\/div>\n<div dir=\"ltr\">essa perda.<\/div>\n<div dir=\"ltr\"><\/div>\n<div dir=\"ltr\">Deputada estadual Luana Ribeiro<\/div>\n<div dir=\"ltr\">Presidente da Assembleia Legislativa<\/div>\n<\/div>\n<\/div>\n<\/div>\n<\/div>\n<\/div>\n<\/div>\n<p>&nbsp;<\/p>\n","protected":false},"excerpt":{"rendered":"<p>L\u00edderes pol\u00edticos do Tocantins emitem notas de pesar pela a morte do prefeito de Miracema do Tocantins, Mois\u00e9s da Sercon. O prefeito\u00a0foi encontrado morto dentro de uma caminhonete Hilux com um tiro na cabe\u00e7a na tarde desta quinta-feira, 30. O corpo estava no lado do passageiro com um tiro na cabe\u00e7a e a arma ca\u00edda [&hellip;]<\/p>\n","protected":false},"author":2,"featured_media":1159,"comment_status":"open","ping_status":"open","sticky":false,"template":"","format":"standard","meta":[],"categories":[2,3],"tags":[],"_links":{"self":[{"href":"https:\/\/dgospel.com.br\/portal\/index.php\/wp-json\/wp\/v2\/posts\/1158"}],"collection":[{"href":"https:\/\/dgospel.com.br\/portal\/index.php\/wp-json\/wp\/v2\/posts"}],"about":[{"href":"https:\/\/dgospel.com.br\/portal\/index.php\/wp-json\/wp\/v2\/types\/post"}],"author":[{"embeddable":true,"href":"https:\/\/dgospel.com.br\/portal\/index.php\/wp-json\/wp\/v2\/users\/2"}],"replies":[{"embeddable":true,"href":"https:\/\/dgospel.com.br\/portal\/index.php\/wp-json\/wp\/v2\/comments?post=1158"}],"version-history":[{"count":3,"href":"https:\/\/dgospel.com.br\/portal\/index.php\/wp-json\/wp\/v2\/posts\/1158\/revisions"}],"predecessor-version":[{"id":1162,"href":"https:\/\/dgospel.com.br\/portal\/index.php\/wp-json\/wp\/v2\/posts\/1158\/revisions\/1162"}],"wp:featuredmedia":[{"embeddable":true,"href":"https:\/\/dgospel.com.br\/portal\/index.php\/wp-json\/wp\/v2\/media\/1159"}],"wp:attachment":[{"href":"https:\/\/dgospel.com.br\/portal\/index.php\/wp-json\/wp\/v2\/media?parent=1158"}],"wp:term":[{"taxonomy":"category","embeddable":true,"href":"https:\/\/dgospel.com.br\/portal\/index.php\/wp-json\/wp\/v2\/categories?post=1158"},{"taxonomy":"post_tag","embeddable":true,"href":"https:\/\/dgospel.com.br\/portal\/index.php\/wp-json\/wp\/v2\/tags?post=1158"}],"curies":[{"name":"wp","href":"https:\/\/api.w.org\/{rel}","templated":true}]}}