{"id":11591,"date":"2022-06-23T15:40:04","date_gmt":"2022-06-23T18:40:04","guid":{"rendered":"http:\/\/dgospel.com.br\/portal\/?p=11591"},"modified":"2022-06-23T15:40:04","modified_gmt":"2022-06-23T18:40:04","slug":"rubens-uchoa-cobra-com-urgencia-para-que-a-iluminacao-e-pavimentacao-asfaltica-da-lo-31-sejam-concluidas","status":"publish","type":"post","link":"https:\/\/dgospel.com.br\/portal\/index.php\/2022\/06\/23\/rubens-uchoa-cobra-com-urgencia-para-que-a-iluminacao-e-pavimentacao-asfaltica-da-lo-31-sejam-concluidas\/","title":{"rendered":"Rubens Uch\u00f4a cobra com urg\u00eancia para que a ilumina\u00e7\u00e3o e pavimenta\u00e7\u00e3o asf\u00e1ltica da LO-31 sejam conclu\u00eddas"},"content":{"rendered":"\n<p>Durante a Sess\u00e3o Ordin\u00e1ria de quarta-feira, 15, na C\u00e2mara Municipal de Palmas, o vice-presidente da Casa de Leis, vereador Rubens Uch\u00f4a (Uni\u00e3o Brasil), fez uma cobran\u00e7a, que segundo ele, possui car\u00e1ter de urg\u00eancia, para que a ilumina\u00e7\u00e3o e pavimenta\u00e7\u00e3o asf\u00e1ltica da avenida LO-31, na Capital, sejam conclu\u00eddas.<br><br>A avenida faz liga\u00e7\u00e3o com a Teot\u00f4nio Segurado, e as obras no local foram iniciadas ainda no ano de 2021. De acordo com Rubens, ele j\u00e1 encaminhou requerimentos solicitando a finaliza\u00e7\u00e3o do trabalho na \u00e1rea.<br><br>Ainda conforme o parlamentar, o impedimento para a conclus\u00e3o dos servi\u00e7os foram os per\u00edodos chuvosos, mas ele questiona que mesmo com fim das chuvas n\u00e3o h\u00e1 retorno na obra: &#8220;Mesmo na \u00e9poca de ver\u00e3o as obras n\u00e3o foram finalizadas, al\u00e9m disso, colocaram um monte de terra no local, o que atrapalhou a passagem dos moradores que j\u00e1 era prec\u00e1ria devido \u00e0 pavimenta\u00e7\u00e3o asf\u00e1ltica inacabada&#8221;, declara Rubens.<\/p>\n\n\n\n<p>Fonte: primeirapagina <\/p>\n","protected":false},"excerpt":{"rendered":"<p>Durante a Sess\u00e3o Ordin\u00e1ria de quarta-feira, 15, na C\u00e2mara Municipal de Palmas, o vice-presidente da Casa de Leis, vereador Rubens Uch\u00f4a (Uni\u00e3o Brasil), fez uma cobran\u00e7a, que segundo ele, possui car\u00e1ter de urg\u00eancia, para que a ilumina\u00e7\u00e3o e pavimenta\u00e7\u00e3o asf\u00e1ltica da avenida LO-31, na Capital, sejam conclu\u00eddas. A avenida faz liga\u00e7\u00e3o com a Teot\u00f4nio Segurado, [&hellip;]<\/p>\n","protected":false},"author":2,"featured_media":11592,"comment_status":"open","ping_status":"open","sticky":false,"template":"","format":"standard","meta":[],"categories":[8],"tags":[],"_links":{"self":[{"href":"https:\/\/dgospel.com.br\/portal\/index.php\/wp-json\/wp\/v2\/posts\/11591"}],"collection":[{"href":"https:\/\/dgospel.com.br\/portal\/index.php\/wp-json\/wp\/v2\/posts"}],"about":[{"href":"https:\/\/dgospel.com.br\/portal\/index.php\/wp-json\/wp\/v2\/types\/post"}],"author":[{"embeddable":true,"href":"https:\/\/dgospel.com.br\/portal\/index.php\/wp-json\/wp\/v2\/users\/2"}],"replies":[{"embeddable":true,"href":"https:\/\/dgospel.com.br\/portal\/index.php\/wp-json\/wp\/v2\/comments?post=11591"}],"version-history":[{"count":1,"href":"https:\/\/dgospel.com.br\/portal\/index.php\/wp-json\/wp\/v2\/posts\/11591\/revisions"}],"predecessor-version":[{"id":11593,"href":"https:\/\/dgospel.com.br\/portal\/index.php\/wp-json\/wp\/v2\/posts\/11591\/revisions\/11593"}],"wp:featuredmedia":[{"embeddable":true,"href":"https:\/\/dgospel.com.br\/portal\/index.php\/wp-json\/wp\/v2\/media\/11592"}],"wp:attachment":[{"href":"https:\/\/dgospel.com.br\/portal\/index.php\/wp-json\/wp\/v2\/media?parent=11591"}],"wp:term":[{"taxonomy":"category","embeddable":true,"href":"https:\/\/dgospel.com.br\/portal\/index.php\/wp-json\/wp\/v2\/categories?post=11591"},{"taxonomy":"post_tag","embeddable":true,"href":"https:\/\/dgospel.com.br\/portal\/index.php\/wp-json\/wp\/v2\/tags?post=11591"}],"curies":[{"name":"wp","href":"https:\/\/api.w.org\/{rel}","templated":true}]}}