{"id":11594,"date":"2022-06-23T15:46:49","date_gmt":"2022-06-23T18:46:49","guid":{"rendered":"http:\/\/dgospel.com.br\/portal\/?p=11594"},"modified":"2022-06-23T15:46:51","modified_gmt":"2022-06-23T18:46:51","slug":"policia-civil-do-tocantins-promove-a-incineracao-de-mais-de-meia-tonelada-de-drogas-em-araguaina","status":"publish","type":"post","link":"https:\/\/dgospel.com.br\/portal\/index.php\/2022\/06\/23\/policia-civil-do-tocantins-promove-a-incineracao-de-mais-de-meia-tonelada-de-drogas-em-araguaina\/","title":{"rendered":"Pol\u00edcia Civil do Tocantins promove a incinera\u00e7\u00e3o de mais de meia tonelada de drogas em Aragua\u00edna"},"content":{"rendered":"\n<p>A Pol\u00edcia Civil do Tocantins (PC-TO) incinerou nessa quarta-feira, 22, cerca de meia tonelada de drogas, que haviam sido apreendidas durante procedimento realizado pela Pol\u00edcia Rodovi\u00e1ria Federal (PRF), na BR-153, nas imedia\u00e7\u00f5es da cidade de Nova Olinda, na \u00faltima ter\u00e7a-feira, 21.<\/p>\n\n\n\n<p>A a\u00e7\u00e3o que resultou na destrui\u00e7\u00e3o de 492 kg de maconha e 11 kg de coca\u00edna foi devidamente autorizada pela Justi\u00e7a e realizada pela equipe da 33\u00aa Delegacia de Nova Olinda, sob a coordena\u00e7\u00e3o do delegado Charles Arruda e ocorreu em uma cer\u00e2mica da cidade de Aragua\u00edna.<\/p>\n\n\n\n<p>O procedimento de destrui\u00e7\u00e3o das drogas, que est\u00e3o avaliadas em mais de R$ 3 milh\u00f5es, foi acompanhado por agentes da Vigil\u00e2ncia Sanit\u00e1ria, representantes do Minist\u00e9rio P\u00fablico e tamb\u00e9m policiais civis da 33\u00aa DP e da 2\u00aa Delegacia Regional de Pol\u00edcia Civil (1\u00aa DRPC), de Aragua\u00edna.<\/p>\n\n\n\n<p>Segundo o delegado Charles Arruda, o carregamento de drogas estava escondido em um caminh\u00e3o-ba\u00fa, que vinha da regi\u00e3o de Bel\u00e9m do Par\u00e1 e tinha como prov\u00e1vel destino o estado de Goi\u00e1s. Durante a averigua\u00e7\u00e3o feita pela PRF, o motorista do ve\u00edculo foi preso em flagrante e autuado por tr\u00e1fico interestadual de drogas. Al\u00e9m disso, tamb\u00e9m foram apreendidos dois ve\u00edculos e um ultraleve.<\/p>\n\n\n\n<p>Ainda conforme a autoridade policial, o entorpecente teria origem em pa\u00edses vizinhos como Col\u00f4mbia ou Peru e estava sendo transportado para o Brasil por meio dos estados do norte do Pa\u00eds. Ao comentar a incinera\u00e7\u00e3o do carregamento de maconha e coca\u00edna, o delegado Charles enfatizou que o entorpecente n\u00e3o vai mais chegar \u00e0s m\u00e3os de traficantes e nem ser\u00e1 distribu\u00eddo para usu\u00e1rios nas cidades brasileiras.<\/p>\n\n\n\n<p>\u201cA destrui\u00e7\u00e3o da droga \u00e9 mais um duro golpe contra o crime organizado, visto que a quantia apreendida, e agora destru\u00edda de entorpecente, est\u00e1 avaliada em mais de R$ 3 milh\u00f5es. Desse modo, al\u00e9m de um grande preju\u00edzo ao tr\u00e1fico, a incinera\u00e7\u00e3o assegura que a maconha e a coca\u00edna n\u00e3o ser\u00e3o mais comercializadas e tampouco ir\u00e3o para as m\u00e3os de traficantes e usu\u00e1rios, trazendo mais seguran\u00e7a para toda a popula\u00e7\u00e3o\u201d, destacou a autoridade policial.<\/p>\n\n\n\n<p><\/p>\n\n\n\n<p><img src=\"https:\/\/central.to.gov.br\/image\/297047?w=670&amp;h=383\"><\/p>\n\n\n\n<p>Drogas est\u00e3o avaliadas em mais de R$ 3 milh\u00f5es &#8211; Seguran\u00e7a P\u00fablica\/Governo do Tocantins<\/p>\n","protected":false},"excerpt":{"rendered":"<p>A Pol\u00edcia Civil do Tocantins (PC-TO) incinerou nessa quarta-feira, 22, cerca de meia tonelada de drogas, que haviam sido apreendidas durante procedimento realizado pela Pol\u00edcia Rodovi\u00e1ria Federal (PRF), na BR-153, nas imedia\u00e7\u00f5es da cidade de Nova Olinda, na \u00faltima ter\u00e7a-feira, 21. A a\u00e7\u00e3o que resultou na destrui\u00e7\u00e3o de 492 kg de maconha e 11 kg [&hellip;]<\/p>\n","protected":false},"author":2,"featured_media":11595,"comment_status":"open","ping_status":"open","sticky":false,"template":"","format":"standard","meta":[],"categories":[3],"tags":[13],"_links":{"self":[{"href":"https:\/\/dgospel.com.br\/portal\/index.php\/wp-json\/wp\/v2\/posts\/11594"}],"collection":[{"href":"https:\/\/dgospel.com.br\/portal\/index.php\/wp-json\/wp\/v2\/posts"}],"about":[{"href":"https:\/\/dgospel.com.br\/portal\/index.php\/wp-json\/wp\/v2\/types\/post"}],"author":[{"embeddable":true,"href":"https:\/\/dgospel.com.br\/portal\/index.php\/wp-json\/wp\/v2\/users\/2"}],"replies":[{"embeddable":true,"href":"https:\/\/dgospel.com.br\/portal\/index.php\/wp-json\/wp\/v2\/comments?post=11594"}],"version-history":[{"count":1,"href":"https:\/\/dgospel.com.br\/portal\/index.php\/wp-json\/wp\/v2\/posts\/11594\/revisions"}],"predecessor-version":[{"id":11596,"href":"https:\/\/dgospel.com.br\/portal\/index.php\/wp-json\/wp\/v2\/posts\/11594\/revisions\/11596"}],"wp:featuredmedia":[{"embeddable":true,"href":"https:\/\/dgospel.com.br\/portal\/index.php\/wp-json\/wp\/v2\/media\/11595"}],"wp:attachment":[{"href":"https:\/\/dgospel.com.br\/portal\/index.php\/wp-json\/wp\/v2\/media?parent=11594"}],"wp:term":[{"taxonomy":"category","embeddable":true,"href":"https:\/\/dgospel.com.br\/portal\/index.php\/wp-json\/wp\/v2\/categories?post=11594"},{"taxonomy":"post_tag","embeddable":true,"href":"https:\/\/dgospel.com.br\/portal\/index.php\/wp-json\/wp\/v2\/tags?post=11594"}],"curies":[{"name":"wp","href":"https:\/\/api.w.org\/{rel}","templated":true}]}}