{"id":11600,"date":"2022-06-23T15:52:44","date_gmt":"2022-06-23T18:52:44","guid":{"rendered":"http:\/\/dgospel.com.br\/portal\/?p=11600"},"modified":"2022-06-23T15:52:45","modified_gmt":"2022-06-23T18:52:45","slug":"governo-do-to-participa-de-audiencia-publica-na-al-sobre-plano-estrategico-da-retirada-da-vacinacao-antiaftosa","status":"publish","type":"post","link":"https:\/\/dgospel.com.br\/portal\/index.php\/2022\/06\/23\/governo-do-to-participa-de-audiencia-publica-na-al-sobre-plano-estrategico-da-retirada-da-vacinacao-antiaftosa\/","title":{"rendered":"Governo do TO participa de audi\u00eancia p\u00fablica na AL sobre plano estrat\u00e9gico da retirada da vacina\u00e7\u00e3o antiaftosa"},"content":{"rendered":"\n<p>O Governo do Tocantins, por meio da Ag\u00eancia de Defesa Agropecu\u00e1ria (Adapec), participou de uma audi\u00eancia p\u00fablica na Assembleia Legislativa, na manh\u00e3 desta quinta-feira, 23, para apresentar o Plano Estrat\u00e9gico 2017-2026 do Programa Nacional de Vigil\u00e2ncia para a Febre Aftosa (Pnefa), que trata da retirada da vacina\u00e7\u00e3o contra a enfermidade. O objetivo \u00e9 mobilizar todos os atores envolvidos para garantia dos avan\u00e7os cont\u00ednuos e da manuten\u00e7\u00e3o da certifica\u00e7\u00e3o livre da doen\u00e7a sem vacina\u00e7\u00e3o.<\/p>\n\n\n\n<p>O presidente da Assembleia Legislativa, Antonio Andrade, avaliou o trabalho da Adapec desempenhado no Estado. \u201cSe chegamos onde estamos, \u00e9 gra\u00e7as ao trabalho desenvolvido pela Ag\u00eancia e quem ganha \u00e9 o pecuarista. A institui\u00e7\u00e3o elevou a condi\u00e7\u00e3o da erradica\u00e7\u00e3o contra febre aftosa e tem feito relevantes servi\u00e7os&nbsp; que resultam em melhorias para a agropecu\u00e1ria produzir mais&#8221;.<\/p>\n\n\n\n<p>O auditor fiscal da Superintend\u00eancia Federal da Agricultura (SFA\/TO), Welciton Assun\u00e7\u00e3o, ressaltou que a evolu\u00e7\u00e3o do Tocantins no cronograma de execu\u00e7\u00e3o de a\u00e7\u00f5es proposta pelo Minist\u00e9rio da Agricultura foi not\u00f3ria. \u201cNa auditoria que realizamos em 2021, a m\u00e9dia que a Ag\u00eancia alcan\u00e7ou n\u00e3o era suficiente para transi\u00e7\u00e3o, mas este ano revolucionaram e deram um grande passo nunca antes visto e o resultado propiciou o avan\u00e7o para suspens\u00e3o da vacina\u00e7\u00e3o&#8221;, explicou.<\/p>\n\n\n\n<p>O vice-presidente da Adapec, Lenito Abreu, lembrou que h\u00e1 25 anos o Tocantins est\u00e1 livre da doen\u00e7a com vacina\u00e7\u00e3o e que s\u00e3o 1,3 mil servidores lutando para que o Estado alcance a certifica\u00e7\u00e3o na Organiza\u00e7\u00e3o Mundial de Sa\u00fade Animal (OIE), com o apoio do Governo do Tocantins. &#8220;O reconhecimento abrir\u00e1 o com\u00e9rcio e agregar\u00e1 mais valor aos nossos produtos, que inclui ainda a \u00e1rea vegetal. Esta conquista passa tamb\u00e9m pelos mais de 55 mil produtores rurais e todos os envolvidos no agroneg\u00f3cio tocantinense&#8221;, afirmou.<\/p>\n\n\n\n<p>O Tocantins faz parte do bloco IV com mais 10 Unidades da Federa\u00e7\u00e3o (UFs), por\u00e9m apenas sete foram autorizadas a suspender a vacina\u00e7\u00e3o, e o Estado \u00e9 uma delas, como explica o diretor de Defesa, Inspe\u00e7\u00e3o e Sanidade Animal da Adapec, M\u00e1rcio Rezende. \u201cFoi um trabalho \u00e1rduo que envolveu todo o processo, onde algumas vezes temos que tomar medidas duras, mas que s\u00e3o essenciais para defendermos a certifica\u00e7\u00e3o. Nossa miss\u00e3o era acompanhar o Bloco IV e n\u00f3s conseguimos, agora temos que avan\u00e7ar ainda mais em vigil\u00e2ncia&#8221;, assegurou.<\/p>\n\n\n\n<p>O palestrante e respons\u00e1vel pelo Programa Estadual de Vigil\u00e2ncia para febre aftosa da Adapec, Jo\u00e3o Eduardo Pires, apresentou indicadores de avalia\u00e7\u00e3o, as metas exigidas, entre outros. &#8220;A suspens\u00e3o da vacina\u00e7\u00e3o \u00e9 um selo de qualidade de todo setor agropecu\u00e1rio, o produtor tem entendido que trabalhamos em prol da defesa agropecu\u00e1ria, que \u00e9 sin\u00f4nimo de prote\u00e7\u00e3o\u201d, explicou, acrescentando que ap\u00f3s a segunda etapa da campanha de novembro, os esfor\u00e7os devem ser ainda maiores, pois ocorrer\u00e1 em dois anos o monitoramento para comprova\u00e7\u00e3o da aus\u00eancia viral. Ap\u00f3s comprovada, a Ag\u00eancia informar\u00e1 ao Minist\u00e9rio da Agricultura e Pecu\u00e1ria que pleiteia na OIE a certifica\u00e7\u00e3o internacional de livre da febre aftosa sem vacina\u00e7\u00e3o.<\/p>\n\n\n\n<p><strong>Participantes<\/strong><\/p>\n\n\n\n<p>O evento, que partiu de um requerimento do Presidente da Assembleia, coordenada pelo deputado estadual Cleiton Cardoso, contou com representantes das institui\u00e7\u00f5es que comp\u00f5em o Grupo Gestor ligado ao tema: \u00c9rica Jardim, da Secretaria de Estado da Agricultura, Pecu\u00e1ria e Aquicultura (Seagro); Gilson Cabral, do Sindicato das Ind\u00fastrias de Carnes e Derivados do Estado do Tocantins (Sindicarnes); Gilberto de Paula, do Instituto de Desenvolvimento Rural do Estado do Tocantins (Ruraltins); Saddin Bucar, do Fundo Privado de Defesa Agropecu\u00e1ria (Fundeagro), al\u00e9m de Luciano Gondim, da Associa\u00e7\u00e3o dos Inspetores de Defesa Agropecu\u00e1ria&nbsp;(Assindefesa) e servidores da Adapec.<\/p>\n","protected":false},"excerpt":{"rendered":"<p>O Governo do Tocantins, por meio da Ag\u00eancia de Defesa Agropecu\u00e1ria (Adapec), participou de uma audi\u00eancia p\u00fablica na Assembleia Legislativa, na manh\u00e3 desta quinta-feira, 23, para apresentar o Plano Estrat\u00e9gico 2017-2026 do Programa Nacional de Vigil\u00e2ncia para a Febre Aftosa (Pnefa), que trata da retirada da vacina\u00e7\u00e3o contra a enfermidade. O objetivo \u00e9 mobilizar todos [&hellip;]<\/p>\n","protected":false},"author":2,"featured_media":11601,"comment_status":"open","ping_status":"open","sticky":false,"template":"","format":"standard","meta":[],"categories":[3],"tags":[13],"_links":{"self":[{"href":"https:\/\/dgospel.com.br\/portal\/index.php\/wp-json\/wp\/v2\/posts\/11600"}],"collection":[{"href":"https:\/\/dgospel.com.br\/portal\/index.php\/wp-json\/wp\/v2\/posts"}],"about":[{"href":"https:\/\/dgospel.com.br\/portal\/index.php\/wp-json\/wp\/v2\/types\/post"}],"author":[{"embeddable":true,"href":"https:\/\/dgospel.com.br\/portal\/index.php\/wp-json\/wp\/v2\/users\/2"}],"replies":[{"embeddable":true,"href":"https:\/\/dgospel.com.br\/portal\/index.php\/wp-json\/wp\/v2\/comments?post=11600"}],"version-history":[{"count":1,"href":"https:\/\/dgospel.com.br\/portal\/index.php\/wp-json\/wp\/v2\/posts\/11600\/revisions"}],"predecessor-version":[{"id":11602,"href":"https:\/\/dgospel.com.br\/portal\/index.php\/wp-json\/wp\/v2\/posts\/11600\/revisions\/11602"}],"wp:featuredmedia":[{"embeddable":true,"href":"https:\/\/dgospel.com.br\/portal\/index.php\/wp-json\/wp\/v2\/media\/11601"}],"wp:attachment":[{"href":"https:\/\/dgospel.com.br\/portal\/index.php\/wp-json\/wp\/v2\/media?parent=11600"}],"wp:term":[{"taxonomy":"category","embeddable":true,"href":"https:\/\/dgospel.com.br\/portal\/index.php\/wp-json\/wp\/v2\/categories?post=11600"},{"taxonomy":"post_tag","embeddable":true,"href":"https:\/\/dgospel.com.br\/portal\/index.php\/wp-json\/wp\/v2\/tags?post=11600"}],"curies":[{"name":"wp","href":"https:\/\/api.w.org\/{rel}","templated":true}]}}