{"id":11603,"date":"2022-06-23T16:00:54","date_gmt":"2022-06-23T19:00:54","guid":{"rendered":"http:\/\/dgospel.com.br\/portal\/?p=11603"},"modified":"2022-06-23T16:00:55","modified_gmt":"2022-06-23T19:00:55","slug":"desembargador-determina-soltura-de-milton-ribeiro","status":"publish","type":"post","link":"https:\/\/dgospel.com.br\/portal\/index.php\/2022\/06\/23\/desembargador-determina-soltura-de-milton-ribeiro\/","title":{"rendered":"Desembargador determina soltura de Milton Ribeiro"},"content":{"rendered":"\n<p>O desembargador Ney Bello, do Tribunal Regional Federal da 1\u00aa Regi\u00e3o (TRF1), suspendeu a pris\u00e3o preventiva do ex-ministro da Educa\u00e7\u00e3o Milton Ribeiro. A decis\u00e3o, tomada nesta quinta-feira (23), valer\u00e1 \u201cat\u00e9 o julgamento de m\u00e9rito pelo colegiado da Terceira Turma\u201d do TRF1.<\/p>\n\n\n\n<p>Al\u00e9m de cassar a pris\u00e3o do ex-ministro da Educa\u00e7\u00e3o, o desembargador tamb\u00e9m determinou a soltura dos outros quatro detidos pela Pol\u00edcia Federal nesta quarta (22). Foram eles: os pastores Gilmar Santos e Arilton Moura, o ex-assessor da Prefeitura de Goi\u00e2nia Helder Bartolomeu, e o ex-gerente de projetos da Secretaria Executiva do Minist\u00e9rio da Educa\u00e7\u00e3o Luciano Musse.<\/p>\n\n\n\n<p>A determina\u00e7\u00e3o atendeu a um habeas corpus apresentado pela defesa de Ribeiro. Durante a manh\u00e3, o desembargador plantonista Morais da Rocha tinha rejeitado o mesmo pedido, alegando que a defesa n\u00e3o havia apresentado os documentos que evidenciavam a ocorr\u00eancia de constrangimento ilegal na pris\u00e3o.<\/p>\n\n\n\n<p>Bello ainda afirmou, na decis\u00e3o, que a ordem deve ser encaminhada para 15\u00aa Vara Federal de Bras\u00edlia, que decretou as pris\u00f5es, \u201cpara imediato cumprimento e expedi\u00e7\u00e3o dos alvar\u00e1s de soltura\u201d. O desembargador apontou tamb\u00e9m que os fatos investigados n\u00e3o seriam atuais e que, por causa disso, n\u00e3o se justificaria a pris\u00e3o.<\/p>\n\n\n\n<p>\u2013 Por derradeiro, verifico que al\u00e9m do ora paciente n\u00e3o integrar mais os quadros da Administra\u00e7\u00e3o P\u00fablica Federal, h\u00e1 aus\u00eancia de contemporaneidade entre os fatos investigados \u2013 \u201clibera\u00e7\u00e3o de verbas oficiais do Fundo Nacional de Desenvolvimento da Educa\u00e7\u00e3o e do Minist\u00e9rio da Educa\u00e7\u00e3o direcionadas ao atendimento de interesses privados\u201d \u2013 declarou.<\/p>\n\n\n\n<p><strong>SOBRE A PRIS\u00c3O DE RIBEIRO<br><\/strong><a href=\"http:\/\/pleno.news\/tag\/milton-ribeiro\" target=\"_blank\" rel=\"noreferrer noopener\">Milton Ribeiro<\/a>&nbsp;tinha sido preso preventivamente nesta quarta (22), em Santos, S\u00e3o Paulo. A deten\u00e7\u00e3o decorreu do cumprimento de um mandado de pris\u00e3o preventiva expedido pela Justi\u00e7a no \u00e2mbito da opera\u00e7\u00e3o Acesso Pago, deflagrada pela&nbsp;<a href=\"http:\/\/pleno.news\/tag\/policia-federal\" target=\"_blank\" rel=\"noreferrer noopener\">Pol\u00edcia Federal<\/a>&nbsp;(PF).<\/p>\n\n\n\n<p>De acordo com a PF, a opera\u00e7\u00e3o teve como objetivo investigar a pr\u00e1tica de tr\u00e1fico de influ\u00eancia e corrup\u00e7\u00e3o para a libera\u00e7\u00e3o de recursos p\u00fablicos do Fundo Nacional de Desenvolvimento da Educa\u00e7\u00e3o (FNDE), \u00f3rg\u00e3o que \u00e9 vinculado ao Minist\u00e9rio da Educa\u00e7\u00e3o (MEC).<\/p>\n\n\n\n<p>O mandado de pris\u00e3o preventiva expedido contra Milton Ribeiro, assinado pelo juiz federal Renato Borelli, citou os crimes de corrup\u00e7\u00e3o passiva, prevarica\u00e7\u00e3o, advocacia administrativa e tr\u00e1fico de influ\u00eancia. Al\u00e9m do ex-ministro, outras quatro pessoas chegaram a ser presas, incluindo os pastores Arilton Moura e Gilmar Santos.<\/p>\n","protected":false},"excerpt":{"rendered":"<p>O desembargador Ney Bello, do Tribunal Regional Federal da 1\u00aa Regi\u00e3o (TRF1), suspendeu a pris\u00e3o preventiva do ex-ministro da Educa\u00e7\u00e3o Milton Ribeiro. A decis\u00e3o, tomada nesta quinta-feira (23), valer\u00e1 \u201cat\u00e9 o julgamento de m\u00e9rito pelo colegiado da Terceira Turma\u201d do TRF1. Al\u00e9m de cassar a pris\u00e3o do ex-ministro da Educa\u00e7\u00e3o, o desembargador tamb\u00e9m determinou a [&hellip;]<\/p>\n","protected":false},"author":2,"featured_media":11604,"comment_status":"open","ping_status":"open","sticky":false,"template":"","format":"standard","meta":[],"categories":[4],"tags":[14],"_links":{"self":[{"href":"https:\/\/dgospel.com.br\/portal\/index.php\/wp-json\/wp\/v2\/posts\/11603"}],"collection":[{"href":"https:\/\/dgospel.com.br\/portal\/index.php\/wp-json\/wp\/v2\/posts"}],"about":[{"href":"https:\/\/dgospel.com.br\/portal\/index.php\/wp-json\/wp\/v2\/types\/post"}],"author":[{"embeddable":true,"href":"https:\/\/dgospel.com.br\/portal\/index.php\/wp-json\/wp\/v2\/users\/2"}],"replies":[{"embeddable":true,"href":"https:\/\/dgospel.com.br\/portal\/index.php\/wp-json\/wp\/v2\/comments?post=11603"}],"version-history":[{"count":1,"href":"https:\/\/dgospel.com.br\/portal\/index.php\/wp-json\/wp\/v2\/posts\/11603\/revisions"}],"predecessor-version":[{"id":11605,"href":"https:\/\/dgospel.com.br\/portal\/index.php\/wp-json\/wp\/v2\/posts\/11603\/revisions\/11605"}],"wp:featuredmedia":[{"embeddable":true,"href":"https:\/\/dgospel.com.br\/portal\/index.php\/wp-json\/wp\/v2\/media\/11604"}],"wp:attachment":[{"href":"https:\/\/dgospel.com.br\/portal\/index.php\/wp-json\/wp\/v2\/media?parent=11603"}],"wp:term":[{"taxonomy":"category","embeddable":true,"href":"https:\/\/dgospel.com.br\/portal\/index.php\/wp-json\/wp\/v2\/categories?post=11603"},{"taxonomy":"post_tag","embeddable":true,"href":"https:\/\/dgospel.com.br\/portal\/index.php\/wp-json\/wp\/v2\/tags?post=11603"}],"curies":[{"name":"wp","href":"https:\/\/api.w.org\/{rel}","templated":true}]}}