{"id":11606,"date":"2022-06-24T09:55:04","date_gmt":"2022-06-24T12:55:04","guid":{"rendered":"http:\/\/dgospel.com.br\/portal\/?p=11606"},"modified":"2022-06-24T09:55:05","modified_gmt":"2022-06-24T12:55:05","slug":"malafaia-a-prisao-de-pastores-foi-para-atingir-bolsonaro","status":"publish","type":"post","link":"https:\/\/dgospel.com.br\/portal\/index.php\/2022\/06\/24\/malafaia-a-prisao-de-pastores-foi-para-atingir-bolsonaro\/","title":{"rendered":"Malafaia: \u201cA pris\u00e3o de pastores foi para atingir Bolsonaro\u201d"},"content":{"rendered":"\n<p>Nesta quinta-feira (23), o pastor Silas Malafaia voltou a comentar a pris\u00e3o do ex-ministro da Educa\u00e7\u00e3o, Milton Ribeiro, que j\u00e1 est\u00e1\u00a0<a rel=\"noreferrer noopener\" href=\"https:\/\/pleno.news\/brasil\/politica-nacional\/apos-decisao-da-justica-ex-ministro-milton-ribeiro-e-solto.html\" target=\"_blank\">solto<\/a>\u00a0ap\u00f3s uma decis\u00e3o do desembargador Ney Bello, do Tribunal Regional Federal da 1\u00aa Regi\u00e3o (TRT-1).<\/p>\n\n\n\n<p>O religioso publicou um novo v\u00eddeo e tamb\u00e9m citou uma\u00a0<a rel=\"noreferrer noopener\" href=\"https:\/\/pleno.news\/brasil\/politica-nacional\/comparar-corrupcao-do-governo-lula-a-gestao-bolsonaro-e-piada.html\" target=\"_blank\">grava\u00e7\u00e3o<\/a>\u00a0que divulgou na quarta-feira (22), na qual defendeu o presidente Jair Bolsonaro e criticou a imprensa pela ampla cobertura dada ao caso.<\/p>\n\n\n\n<figure class=\"wp-block-embed is-type-video is-provider-youtube wp-block-embed-youtube wp-embed-aspect-16-9 wp-has-aspect-ratio\"><div class=\"wp-block-embed__wrapper\">\n<iframe loading=\"lazy\" title=\"A prisa\u0303o de pastores foi para atingir Bolsonaro\" width=\"630\" height=\"354\" src=\"https:\/\/www.youtube.com\/embed\/8P693lgmnow?feature=oembed\" frameborder=\"0\" allow=\"accelerometer; autoplay; clipboard-write; encrypted-media; gyroscope; picture-in-picture\" allowfullscreen><\/iframe>\n<\/div><\/figure>\n\n\n\n<p>\u2014 No v\u00eddeo de ontem, o pastor aqui estava certo. Olha a\u00ed a safadeza, olha o despacho do desembargador Ney Bello. N\u00e3o h\u00e1 nada, nenhuma refer\u00eancia no mandado sobre a motiva\u00e7\u00e3o. N\u00e3o existe pris\u00e3o sem pr\u00e9via e fundamentada justificativa. O pr\u00f3prio \u00f3rg\u00e3o acusador, o Minist\u00e9rio P\u00fablico Federal, d\u00e1 parecer contr\u00e1rio \u00e0s pris\u00f5es. \u00c9 uma vergonha! Foi tentativa para atingir o presidente Bolsonaro. O resto \u00e9 conversa fiada \u2013 declarou Malafaia, nesta quinta-feira.<\/p>\n\n\n\n<p>O pastor disse ainda que n\u00e3o tem a inten\u00e7\u00e3o de defender quem est\u00e1 errado.<\/p>\n\n\n\n<p>\u2013 N\u00e3o estou aqui para defender quem est\u00e1 errado. Se algu\u00e9m errou, que pague! Mas os motivos pelos quais os pastores foram presos n\u00e3o t\u00eam nenhuma prova materializada \u2013 escreveu, no Twitter.<\/p>\n\n\n\n<figure class=\"wp-block-image\"><img src=\"https:\/\/static.cdn.pleno.news\/2022\/06\/Screenshot-2022-06-23T205649.136.png\" alt=\"\" class=\"wp-image-967165\"\/><\/figure>\n\n\n\n<p>Tamb\u00e9m no novo v\u00eddeo, o pastor criticou quem compra Lula e Bolsonaro.<\/p>\n\n\n\n<p>\u2013 Lula \u00e9 criminoso, condenado em todas as inst\u00e2ncias. Bolsonaro em nenhuma [inst\u00e2ncia]. Deus tenha miseric\u00f3rdia do Brasil, Deus abra os olhos do povo brasileiro \u2013 declarou.<\/p>\n\n\n\n<figure class=\"wp-block-image\"><img src=\"https:\/\/static.cdn.pleno.news\/2022\/06\/Screenshot-2022-06-23T194107.127.png\" alt=\"\" class=\"wp-image-967118\"\/><\/figure>\n","protected":false},"excerpt":{"rendered":"<p>Nesta quinta-feira (23), o pastor Silas Malafaia voltou a comentar a pris\u00e3o do ex-ministro da Educa\u00e7\u00e3o, Milton Ribeiro, que j\u00e1 est\u00e1\u00a0solto\u00a0ap\u00f3s uma decis\u00e3o do desembargador Ney Bello, do Tribunal Regional Federal da 1\u00aa Regi\u00e3o (TRT-1). O religioso publicou um novo v\u00eddeo e tamb\u00e9m citou uma\u00a0grava\u00e7\u00e3o\u00a0que divulgou na quarta-feira (22), na qual defendeu o presidente Jair [&hellip;]<\/p>\n","protected":false},"author":2,"featured_media":11607,"comment_status":"open","ping_status":"open","sticky":false,"template":"","format":"standard","meta":[],"categories":[4],"tags":[14],"_links":{"self":[{"href":"https:\/\/dgospel.com.br\/portal\/index.php\/wp-json\/wp\/v2\/posts\/11606"}],"collection":[{"href":"https:\/\/dgospel.com.br\/portal\/index.php\/wp-json\/wp\/v2\/posts"}],"about":[{"href":"https:\/\/dgospel.com.br\/portal\/index.php\/wp-json\/wp\/v2\/types\/post"}],"author":[{"embeddable":true,"href":"https:\/\/dgospel.com.br\/portal\/index.php\/wp-json\/wp\/v2\/users\/2"}],"replies":[{"embeddable":true,"href":"https:\/\/dgospel.com.br\/portal\/index.php\/wp-json\/wp\/v2\/comments?post=11606"}],"version-history":[{"count":1,"href":"https:\/\/dgospel.com.br\/portal\/index.php\/wp-json\/wp\/v2\/posts\/11606\/revisions"}],"predecessor-version":[{"id":11608,"href":"https:\/\/dgospel.com.br\/portal\/index.php\/wp-json\/wp\/v2\/posts\/11606\/revisions\/11608"}],"wp:featuredmedia":[{"embeddable":true,"href":"https:\/\/dgospel.com.br\/portal\/index.php\/wp-json\/wp\/v2\/media\/11607"}],"wp:attachment":[{"href":"https:\/\/dgospel.com.br\/portal\/index.php\/wp-json\/wp\/v2\/media?parent=11606"}],"wp:term":[{"taxonomy":"category","embeddable":true,"href":"https:\/\/dgospel.com.br\/portal\/index.php\/wp-json\/wp\/v2\/categories?post=11606"},{"taxonomy":"post_tag","embeddable":true,"href":"https:\/\/dgospel.com.br\/portal\/index.php\/wp-json\/wp\/v2\/tags?post=11606"}],"curies":[{"name":"wp","href":"https:\/\/api.w.org\/{rel}","templated":true}]}}