{"id":11612,"date":"2022-06-24T16:05:52","date_gmt":"2022-06-24T19:05:52","guid":{"rendered":"http:\/\/dgospel.com.br\/portal\/?p=11612"},"modified":"2022-06-24T16:06:12","modified_gmt":"2022-06-24T19:06:12","slug":"bolsonaro-confirma-ampliacao-do-auxilio-brasil-para-r-600","status":"publish","type":"post","link":"https:\/\/dgospel.com.br\/portal\/index.php\/2022\/06\/24\/bolsonaro-confirma-ampliacao-do-auxilio-brasil-para-r-600\/","title":{"rendered":"Bolsonaro confirma amplia\u00e7\u00e3o do Aux\u00edlio Brasil para R$ 600"},"content":{"rendered":"\n<p>O presidente da Rep\u00fablica Jair Bolsonaro (PL) afirmou, nesta sexta-feira (24), que vai ampliar o Aux\u00edlio Brasil de R$ 400 para R$ 600. O chefe do Executivo confirmou o que vem sendo noticiado pela imprensa.<\/p>\n\n\n\n<p>\u2013 Como a imprensa est\u00e1 anunciando, o Aux\u00edlio Brasil vai passar de R$ 400 para R$ 600. \u00c9 o governo entendendo os sofrimentos dos mais humildes e, dessa forma, buscando atender a todos \u2013 afirmou durante discurso em cerim\u00f4nia de entrega de moradias do Programa Casa Verde e Amarela em Jo\u00e3o Pessoa, na Para\u00edba.<\/p>\n\n\n\n<p>O governo acertou com o Congresso incluir um aumento do Aux\u00edlio Brasil, de R$ 400 para R$ 600, at\u00e9 o fim do ano na Proposta de Emenda \u00e0 Constitui\u00e7\u00e3o (PEC) dos combust\u00edveis. O pacote ainda deve incluir uma bolsa-caminhoneiro de R$ 1 mil mensais e aumento no vale g\u00e1s para fam\u00edlias de baixa renda (hoje, de R$ 53 a cada dois meses). Os benef\u00edcios s\u00f3 valeriam at\u00e9 o fim deste ano.<\/p>\n\n\n\n<p>O plano em an\u00e1lise \u00e9 usar os R$ 29,6 bilh\u00f5es previstos na PEC e que seriam destinados \u00e0 compensa\u00e7\u00e3o de estados que zerassem o ICMS sobre diesel e g\u00e1s at\u00e9 dezembro deste ano. O valor ficaria fora do teto de gastos, \u00e2ncora fiscal que limita o crescimento das despesas p\u00fablicas \u00e0 infla\u00e7\u00e3o registrada no ano anterior.<\/p>\n\n\n\n<p>O presidente fez compara\u00e7\u00f5es com o Bolsa Fam\u00edlia, programa institu\u00eddo na gest\u00e3o do ex-presidente da Rep\u00fablica Luiz In\u00e1cio Lula da Silva (PT), seu principal advers\u00e1rio na corrida presidencial.<\/p>\n\n\n\n<p>\u2013 L\u00e1 atr\u00e1s com Bolsa Fam\u00edlia, quem ia trabalhar perdia o Bolsa Fam\u00edlia. Com Aux\u00edlio Brasil, [o cidad\u00e3o] pode trabalhar que n\u00e3o vai perder o Aux\u00edlio Brasil \u2013 afirmou Bolsonaro.<\/p>\n\n\n\n<p>O presidente destacou ainda as obras conclu\u00eddas durante o seu governo, citando a transposi\u00e7\u00e3o do Rio S\u00e3o Francisco.<\/p>\n\n\n\n<p>\u2013 N\u00e3o queremos novas obras, n\u00f3s queremos \u00e9 concluir obras pelo Brasil. \u00c9 f\u00e1cil come\u00e7ar uma obra, dif\u00edcil \u00e9 conclu\u00ed-la. Assim foi a transposi\u00e7\u00e3o do Rio S\u00e3o Francisco. A \u00e1gua passou a ser uma realidade para grande parte do nosso Nordeste \u2013 assinalou.<\/p>\n\n\n\n<p>*Com informa\u00e7\u00f5es da AE<\/p>\n","protected":false},"excerpt":{"rendered":"<p>O presidente da Rep\u00fablica Jair Bolsonaro (PL) afirmou, nesta sexta-feira (24), que vai ampliar o Aux\u00edlio Brasil de R$ 400 para R$ 600. O chefe do Executivo confirmou o que vem sendo noticiado pela imprensa. \u2013 Como a imprensa est\u00e1 anunciando, o Aux\u00edlio Brasil vai passar de R$ 400 para R$ 600. \u00c9 o governo [&hellip;]<\/p>\n","protected":false},"author":2,"featured_media":11613,"comment_status":"open","ping_status":"open","sticky":false,"template":"","format":"standard","meta":[],"categories":[4],"tags":[14],"_links":{"self":[{"href":"https:\/\/dgospel.com.br\/portal\/index.php\/wp-json\/wp\/v2\/posts\/11612"}],"collection":[{"href":"https:\/\/dgospel.com.br\/portal\/index.php\/wp-json\/wp\/v2\/posts"}],"about":[{"href":"https:\/\/dgospel.com.br\/portal\/index.php\/wp-json\/wp\/v2\/types\/post"}],"author":[{"embeddable":true,"href":"https:\/\/dgospel.com.br\/portal\/index.php\/wp-json\/wp\/v2\/users\/2"}],"replies":[{"embeddable":true,"href":"https:\/\/dgospel.com.br\/portal\/index.php\/wp-json\/wp\/v2\/comments?post=11612"}],"version-history":[{"count":1,"href":"https:\/\/dgospel.com.br\/portal\/index.php\/wp-json\/wp\/v2\/posts\/11612\/revisions"}],"predecessor-version":[{"id":11614,"href":"https:\/\/dgospel.com.br\/portal\/index.php\/wp-json\/wp\/v2\/posts\/11612\/revisions\/11614"}],"wp:featuredmedia":[{"embeddable":true,"href":"https:\/\/dgospel.com.br\/portal\/index.php\/wp-json\/wp\/v2\/media\/11613"}],"wp:attachment":[{"href":"https:\/\/dgospel.com.br\/portal\/index.php\/wp-json\/wp\/v2\/media?parent=11612"}],"wp:term":[{"taxonomy":"category","embeddable":true,"href":"https:\/\/dgospel.com.br\/portal\/index.php\/wp-json\/wp\/v2\/categories?post=11612"},{"taxonomy":"post_tag","embeddable":true,"href":"https:\/\/dgospel.com.br\/portal\/index.php\/wp-json\/wp\/v2\/tags?post=11612"}],"curies":[{"name":"wp","href":"https:\/\/api.w.org\/{rel}","templated":true}]}}