{"id":11624,"date":"2022-06-24T16:42:12","date_gmt":"2022-06-24T19:42:12","guid":{"rendered":"http:\/\/dgospel.com.br\/portal\/?p=11624"},"modified":"2022-06-24T16:42:14","modified_gmt":"2022-06-24T19:42:14","slug":"governo-do-tocantins-apresenta-aos-orgaos-de-controle-o-andamento-de-cirurgias-eletivas","status":"publish","type":"post","link":"https:\/\/dgospel.com.br\/portal\/index.php\/2022\/06\/24\/governo-do-tocantins-apresenta-aos-orgaos-de-controle-o-andamento-de-cirurgias-eletivas\/","title":{"rendered":"Governo do Tocantins apresenta, aos \u00f3rg\u00e3os de controle, o andamento de cirurgias eletivas"},"content":{"rendered":"\n<p>A Secretaria de Estado da Sa\u00fade (SES), o Minist\u00e9rio P\u00fablico Estadual (MPE), a Defensoria P\u00fablica Estadual (DPE) e o Tribunal de Justi\u00e7a (TJ) reuniram-se mais uma vez para debater a realiza\u00e7\u00e3o de cirurgias eletivas aos pacientes do Sistema \u00danico de Sa\u00fade (SUS), no Tocantins. A audi\u00eancia foi realizada nesta quinta-feira, 23, e tamb\u00e9m contou com a participa\u00e7\u00e3o de representantes da Secretaria Municipal de Sa\u00fade de Palmas e do Conselho de Secretarias Municipais de Sa\u00fade (Cosems).<\/p>\n\n\n\n<p>Na ocasi\u00e3o, foi apresentado o andamento do Plano de A\u00e7\u00e3o elaborado pela SES, para realiza\u00e7\u00e3o de cirurgias card\u00edacas e ortop\u00e9dicas em adultos, em car\u00e1ter complementar. Os procedimentos ser\u00e3o realizados por meio de credenciamentos de institui\u00e7\u00f5es privadas e atender\u00e3o pacientes em fila, no Sistema de Gerenciamento de Lista de Espera (Sigle) da Central Estadual de Regula\u00e7\u00e3o (CER). A previs\u00e3o \u00e9 de que sejam feitas 993 cirurgias ortop\u00e9dicas e 211 card\u00edacas.<\/p>\n\n\n\n<p>A SES refor\u00e7ou que as defini\u00e7\u00f5es j\u00e1 foram pactuadas na Comiss\u00e3o Intergestores Bipartite (CIB) e aprovadas no Conselho Estadual de Sa\u00fade (CES). \u201cA preocupa\u00e7\u00e3o da gest\u00e3o \u00e9 por fim na espera dos pacientes que precisam de eletivas no Estado e, para isso, nossa equipe est\u00e1 empenhada em buscar solu\u00e7\u00f5es. Para dar celeridade e transpar\u00eancia \u00e0s a\u00e7\u00f5es, estamos buscando o acompanhamento de todas as entidades relacionadas, munic\u00edpios e \u00f3rg\u00e3os de controle\u201d, afirmou o secret\u00e1rio de Estado da Sa\u00fade, Afonso Piva.<\/p>\n\n\n\n<p>As equipes t\u00e9cnicas da SES apresentaram ainda o relat\u00f3rio da produ\u00e7\u00e3o de cirurgias eletivas realizadas este ano, em todo o Estado, com o montante de 3.808 procedimentos de janeiro a 21 de junho. A produ\u00e7\u00e3o \u00e9 resultado dos esfor\u00e7os da gest\u00e3o em equipar os hospitais estaduais. J\u00e1 s\u00e3o 37 novas mesas cir\u00fargicas, 120 monitores multiparam\u00e9tricos,&nbsp;50 aparelhos de anestesias, 20 serras de gesso, 50 eletrocardiogr\u00e1ficos, 20 serras de gesso, 50 ox\u00edmetros de pulso e 12 arcos cir\u00fargicos.<\/p>\n\n\n\n<p>A SES tamb\u00e9m est\u00e1 fortalecendo as unidades hospitalares municipais, por meio de repasses financeiros para as cirurgias eletivas. At\u00e9 o momento, foram destinados R$ 900 mil para Colinas, S\u00edtio Novo e Taguatinga.<\/p>\n\n\n\n<p>Al\u00e9m disso, foi relatado como \u00e9 feito o acompanhamento do contrato que a Secretaria de Estado da Sa\u00fade possui com o Hospital Dom Orione, em Aragua\u00edna, para a realiza\u00e7\u00e3o de cirurgias card\u00edacas e ortop\u00e9dicas.<\/p>\n\n\n\n<p>Para a promotora de Justi\u00e7a, Ara\u00edna Ces\u00e1rea D\u2019Alessandro, a SES tem atendido os questionamentos do MPE e a problem\u00e1tica das eletivas passa por outras esferas do poder p\u00fablico. \u201c\u00c9 preciso que haja pol\u00edticas de educa\u00e7\u00e3o no tr\u00e2nsito, por exemplo, para que se reduzam os acidentes e o funcionamento dos hospitais n\u00e3o fique focado apenas em realizar cirurgias e emerg\u00eancias e, assim, possam atender tamb\u00e9m os pacientes eletivos\u201d, afirmou.<\/p>\n\n\n\n<p><img src=\"https:\/\/central.to.gov.br\/image\/297149?w=670&amp;h=383\"><\/p>\n\n\n\n<p>O secret\u00e1rio Afonso Piva destacou preocupa\u00e7\u00e3o da gest\u00e3o em agilizar as cirurgias eletivas &#8211; Aldenes Lima\/Governo do Tocantins\u00a0<\/p>\n\n\n\n<p><img src=\"https:\/\/central.to.gov.br\/image\/297150?w=670&amp;h=383\"><\/p>\n\n\n\n<p>A promotora Ara\u00edna Ces\u00e1rea pontuou que outras pol\u00edticas p\u00fablicas devem ser debatidas &#8211; Mariana Ferreira\/Governo do Tocantins&nbsp;<\/p>\n","protected":false},"excerpt":{"rendered":"<p>A Secretaria de Estado da Sa\u00fade (SES), o Minist\u00e9rio P\u00fablico Estadual (MPE), a Defensoria P\u00fablica Estadual (DPE) e o Tribunal de Justi\u00e7a (TJ) reuniram-se mais uma vez para debater a realiza\u00e7\u00e3o de cirurgias eletivas aos pacientes do Sistema \u00danico de Sa\u00fade (SUS), no Tocantins. A audi\u00eancia foi realizada nesta quinta-feira, 23, e tamb\u00e9m contou com [&hellip;]<\/p>\n","protected":false},"author":2,"featured_media":11625,"comment_status":"open","ping_status":"open","sticky":false,"template":"","format":"standard","meta":[],"categories":[3],"tags":[13],"_links":{"self":[{"href":"https:\/\/dgospel.com.br\/portal\/index.php\/wp-json\/wp\/v2\/posts\/11624"}],"collection":[{"href":"https:\/\/dgospel.com.br\/portal\/index.php\/wp-json\/wp\/v2\/posts"}],"about":[{"href":"https:\/\/dgospel.com.br\/portal\/index.php\/wp-json\/wp\/v2\/types\/post"}],"author":[{"embeddable":true,"href":"https:\/\/dgospel.com.br\/portal\/index.php\/wp-json\/wp\/v2\/users\/2"}],"replies":[{"embeddable":true,"href":"https:\/\/dgospel.com.br\/portal\/index.php\/wp-json\/wp\/v2\/comments?post=11624"}],"version-history":[{"count":1,"href":"https:\/\/dgospel.com.br\/portal\/index.php\/wp-json\/wp\/v2\/posts\/11624\/revisions"}],"predecessor-version":[{"id":11626,"href":"https:\/\/dgospel.com.br\/portal\/index.php\/wp-json\/wp\/v2\/posts\/11624\/revisions\/11626"}],"wp:featuredmedia":[{"embeddable":true,"href":"https:\/\/dgospel.com.br\/portal\/index.php\/wp-json\/wp\/v2\/media\/11625"}],"wp:attachment":[{"href":"https:\/\/dgospel.com.br\/portal\/index.php\/wp-json\/wp\/v2\/media?parent=11624"}],"wp:term":[{"taxonomy":"category","embeddable":true,"href":"https:\/\/dgospel.com.br\/portal\/index.php\/wp-json\/wp\/v2\/categories?post=11624"},{"taxonomy":"post_tag","embeddable":true,"href":"https:\/\/dgospel.com.br\/portal\/index.php\/wp-json\/wp\/v2\/tags?post=11624"}],"curies":[{"name":"wp","href":"https:\/\/api.w.org\/{rel}","templated":true}]}}